{"id":1117,"date":"2023-05-26T14:13:18","date_gmt":"2023-05-26T14:13:18","guid":{"rendered":"https:\/\/piekarniawitaszczyk.pl\/?p=1117"},"modified":"2026-03-25T16:54:39","modified_gmt":"2026-03-25T15:54:39","slug":"slodkosci-na-dzien-mamy","status":"publish","type":"post","link":"https:\/\/piekarniawitaszczyk.pl\/?p=1117","title":{"rendered":"S\u0142odko\u015bci na Dzie\u0144 Mamy"},"content":{"rendered":"<p>Na Dzie\u0144 Mamy przygotowali\u015bmy pyszno\u015bci w r\u00f3\u017cnych ods\u0142onach, m.in. malina, marakuja i limonka.<\/p>\n","protected":false},"excerpt":{"rendered":"<p>Na Dzie\u0144 Mamy przygotowali\u015bmy pyszno\u015bci w r\u00f3\u017cnych ods\u0142onach, m.in. malina, marakuja i limonka.<\/p>\n","protected":false},"author":1,"featured_media":1121,"comment_status":"closed","ping_status":"open","sticky":false,"template":"","format":"standard","meta":{"footnotes":""},"categories":[15],"tags":[],"class_list":["post-1117","post","type-post","status-publish","format-standard","has-post-thumbnail","hentry","category-cukiernia"],"yoast_head":"<!-- This site is optimized with the Yoast SEO plugin v27.2 - https:\/\/yoast.com\/product\/yoast-seo-wordpress\/ -->\n<title>S\u0142odko\u015bci na Dzie\u0144 Mamy - Piekarnia Witaszczyk \u2013 tradycyjna piekarnia w Milan\u00f3wku<\/title>\n<meta name=\"robots\" content=\"index, follow, max-snippet:-1, max-image-preview:large, max-video-preview:-1\" \/>\n<link rel=\"canonical\" href=\"https:\/\/piekarniawitaszczyk.pl\/?p=1117\" \/>\n<meta property=\"og:locale\" content=\"pl_PL\" \/>\n<meta property=\"og:type\" content=\"article\" \/>\n<meta property=\"og:title\" content=\"S\u0142odko\u015bci na Dzie\u0144 Mamy - Piekarnia Witaszczyk \u2013 tradycyjna piekarnia w Milan\u00f3wku\" \/>\n<meta property=\"og:description\" content=\"Na Dzie\u0144 Mamy przygotowali\u015bmy pyszno\u015bci w r\u00f3\u017cnych ods\u0142onach, m.in. malina, marakuja i limonka.\" \/>\n<meta property=\"og:url\" content=\"https:\/\/piekarniawitaszczyk.pl\/?p=1117\" \/>\n<meta property=\"og:site_name\" content=\"Piekarnia Witaszczyk \u2013 tradycyjna piekarnia w Milan\u00f3wku\" \/>\n<meta property=\"article:publisher\" content=\"https:\/\/www.facebook.com\/piekarniawitaszczyk\" \/>\n<meta property=\"article:published_time\" content=\"2023-05-26T14:13:18+00:00\" \/>\n<meta property=\"article:modified_time\" content=\"2026-03-25T15:54:39+00:00\" \/>\n<meta property=\"og:image\" content=\"https:\/\/piekarniawitaszczyk.pl\/wp-content\/uploads\/2023\/05\/podwojne-e1685110520560.jpg\" \/>\n\t<meta property=\"og:image:width\" content=\"432\" \/>\n\t<meta property=\"og:image:height\" content=\"268\" \/>\n\t<meta property=\"og:image:type\" content=\"image\/jpeg\" \/>\n<meta name=\"author\" content=\"pjw\" \/>\n<meta name=\"twitter:card\" content=\"summary_large_image\" \/>\n<meta name=\"twitter:label1\" content=\"Napisane przez\" \/>\n\t<meta name=\"twitter:data1\" content=\"pjw\" \/>\n\t<meta name=\"twitter:label2\" content=\"Szacowany czas czytania\" \/>\n\t<meta name=\"twitter:data2\" content=\"1 minuta\" \/>\n<script type=\"application\/ld+json\" class=\"yoast-schema-graph\">{\"@context\":\"https:\/\/schema.org\",\"@graph\":[{\"@type\":\"Article\",\"@id\":\"https:\/\/piekarniawitaszczyk.pl\/?p=1117#article\",\"isPartOf\":{\"@id\":\"https:\/\/piekarniawitaszczyk.pl\/?p=1117\"},\"author\":{\"name\":\"pjw\",\"@id\":\"https:\/\/piekarniawitaszczyk.pl\/#\/schema\/person\/a0988fad0cb41a07a314e04a0aaf2f01\"},\"headline\":\"S\u0142odko\u015bci na Dzie\u0144 Mamy\",\"datePublished\":\"2023-05-26T14:13:18+00:00\",\"dateModified\":\"2026-03-25T15:54:39+00:00\",\"mainEntityOfPage\":{\"@id\":\"https:\/\/piekarniawitaszczyk.pl\/?p=1117\"},\"wordCount\":24,\"publisher\":{\"@id\":\"https:\/\/piekarniawitaszczyk.pl\/#organization\"},\"image\":{\"@id\":\"https:\/\/piekarniawitaszczyk.pl\/?p=1117#primaryimage\"},\"thumbnailUrl\":\"https:\/\/piekarniawitaszczyk.pl\/wp-content\/uploads\/2023\/05\/podwojne-e1685110520560.jpg\",\"articleSection\":[\"Cukiernia\"],\"inLanguage\":\"pl-PL\"},{\"@type\":\"WebPage\",\"@id\":\"https:\/\/piekarniawitaszczyk.pl\/?p=1117\",\"url\":\"https:\/\/piekarniawitaszczyk.pl\/?p=1117\",\"name\":\"S\u0142odko\u015bci na Dzie\u0144 Mamy - Piekarnia Witaszczyk \u2013 tradycyjna piekarnia w Milan\u00f3wku\",\"isPartOf\":{\"@id\":\"https:\/\/piekarniawitaszczyk.pl\/#website\"},\"primaryImageOfPage\":{\"@id\":\"https:\/\/piekarniawitaszczyk.pl\/?p=1117#primaryimage\"},\"image\":{\"@id\":\"https:\/\/piekarniawitaszczyk.pl\/?p=1117#primaryimage\"},\"thumbnailUrl\":\"https:\/\/piekarniawitaszczyk.pl\/wp-content\/uploads\/2023\/05\/podwojne-e1685110520560.jpg\",\"datePublished\":\"2023-05-26T14:13:18+00:00\",\"dateModified\":\"2026-03-25T15:54:39+00:00\",\"breadcrumb\":{\"@id\":\"https:\/\/piekarniawitaszczyk.pl\/?p=1117#breadcrumb\"},\"inLanguage\":\"pl-PL\",\"potentialAction\":[{\"@type\":\"ReadAction\",\"target\":[\"https:\/\/piekarniawitaszczyk.pl\/?p=1117\"]}]},{\"@type\":\"ImageObject\",\"inLanguage\":\"pl-PL\",\"@id\":\"https:\/\/piekarniawitaszczyk.pl\/?p=1117#primaryimage\",\"url\":\"https:\/\/piekarniawitaszczyk.pl\/wp-content\/uploads\/2023\/05\/podwojne-e1685110520560.jpg\",\"contentUrl\":\"https:\/\/piekarniawitaszczyk.pl\/wp-content\/uploads\/2023\/05\/podwojne-e1685110520560.jpg\",\"width\":432,\"height\":268},{\"@type\":\"BreadcrumbList\",\"@id\":\"https:\/\/piekarniawitaszczyk.pl\/?p=1117#breadcrumb\",\"itemListElement\":[{\"@type\":\"ListItem\",\"position\":1,\"name\":\"Strona g\u0142\u00f3wna\",\"item\":\"https:\/\/piekarniawitaszczyk.pl\/\"},{\"@type\":\"ListItem\",\"position\":2,\"name\":\"S\u0142odko\u015bci na Dzie\u0144 Mamy\"}]},{\"@type\":\"WebSite\",\"@id\":\"https:\/\/piekarniawitaszczyk.pl\/#website\",\"url\":\"https:\/\/piekarniawitaszczyk.pl\/\",\"name\":\"Piekarnia Witaszczyk \u2013 tradycyjna piekarnia w Milan\u00f3wku\",\"description\":\"Chleb na zakwasie, ciasta, sklepo-kawiarnie \u2013 Milan\u00f3wek, Grodzisk Mazowiecki, Brwin\u00f3w, Otr\u0119busy, Jaktor\u00f3w, Mi\u0119dzybor\u00f3w, \u017byrard\u00f3w\",\"publisher\":{\"@id\":\"https:\/\/piekarniawitaszczyk.pl\/#organization\"},\"potentialAction\":[{\"@type\":\"SearchAction\",\"target\":{\"@type\":\"EntryPoint\",\"urlTemplate\":\"https:\/\/piekarniawitaszczyk.pl\/?s={search_term_string}\"},\"query-input\":{\"@type\":\"PropertyValueSpecification\",\"valueRequired\":true,\"valueName\":\"search_term_string\"}}],\"inLanguage\":\"pl-PL\"},{\"@type\":\"Organization\",\"@id\":\"https:\/\/piekarniawitaszczyk.pl\/#organization\",\"name\":\"Piekarnia Witaszczyk zp. z o.o.\",\"url\":\"https:\/\/piekarniawitaszczyk.pl\/\",\"logo\":{\"@type\":\"ImageObject\",\"inLanguage\":\"pl-PL\",\"@id\":\"https:\/\/piekarniawitaszczyk.pl\/#\/schema\/logo\/image\/\",\"url\":\"https:\/\/piekarniawitaszczyk.pl\/wp-content\/uploads\/2020\/03\/logo.jpg\",\"contentUrl\":\"https:\/\/piekarniawitaszczyk.pl\/wp-content\/uploads\/2020\/03\/logo.jpg\",\"width\":298,\"height\":287,\"caption\":\"Piekarnia Witaszczyk zp. z o.o.\"},\"image\":{\"@id\":\"https:\/\/piekarniawitaszczyk.pl\/#\/schema\/logo\/image\/\"},\"sameAs\":[\"https:\/\/www.facebook.com\/piekarniawitaszczyk\"]},{\"@type\":\"Person\",\"@id\":\"https:\/\/piekarniawitaszczyk.pl\/#\/schema\/person\/a0988fad0cb41a07a314e04a0aaf2f01\",\"name\":\"pjw\",\"image\":{\"@type\":\"ImageObject\",\"inLanguage\":\"pl-PL\",\"@id\":\"https:\/\/secure.gravatar.com\/avatar\/1d883a1576746c5c2aab0bd316091a6b53f4162c6bf69c7aa1e833b78e24ec3a?s=96&d=mm&r=g\",\"url\":\"https:\/\/secure.gravatar.com\/avatar\/1d883a1576746c5c2aab0bd316091a6b53f4162c6bf69c7aa1e833b78e24ec3a?s=96&d=mm&r=g\",\"contentUrl\":\"https:\/\/secure.gravatar.com\/avatar\/1d883a1576746c5c2aab0bd316091a6b53f4162c6bf69c7aa1e833b78e24ec3a?s=96&d=mm&r=g\",\"caption\":\"pjw\"},\"url\":\"https:\/\/piekarniawitaszczyk.pl\/?author=1\"}]}<\/script>\n<!-- \/ Yoast SEO plugin. -->","yoast_head_json":{"title":"S\u0142odko\u015bci na Dzie\u0144 Mamy - Piekarnia Witaszczyk \u2013 tradycyjna piekarnia w Milan\u00f3wku","robots":{"index":"index","follow":"follow","max-snippet":"max-snippet:-1","max-image-preview":"max-image-preview:large","max-video-preview":"max-video-preview:-1"},"canonical":"https:\/\/piekarniawitaszczyk.pl\/?p=1117","og_locale":"pl_PL","og_type":"article","og_title":"S\u0142odko\u015bci na Dzie\u0144 Mamy - Piekarnia Witaszczyk \u2013 tradycyjna piekarnia w Milan\u00f3wku","og_description":"Na Dzie\u0144 Mamy przygotowali\u015bmy pyszno\u015bci w r\u00f3\u017cnych ods\u0142onach, m.in. malina, marakuja i limonka.","og_url":"https:\/\/piekarniawitaszczyk.pl\/?p=1117","og_site_name":"Piekarnia Witaszczyk \u2013 tradycyjna piekarnia w Milan\u00f3wku","article_publisher":"https:\/\/www.facebook.com\/piekarniawitaszczyk","article_published_time":"2023-05-26T14:13:18+00:00","article_modified_time":"2026-03-25T15:54:39+00:00","og_image":[{"width":432,"height":268,"url":"https:\/\/piekarniawitaszczyk.pl\/wp-content\/uploads\/2023\/05\/podwojne-e1685110520560.jpg","type":"image\/jpeg"}],"author":"pjw","twitter_card":"summary_large_image","twitter_misc":{"Napisane przez":"pjw","Szacowany czas czytania":"1 minuta"},"schema":{"@context":"https:\/\/schema.org","@graph":[{"@type":"Article","@id":"https:\/\/piekarniawitaszczyk.pl\/?p=1117#article","isPartOf":{"@id":"https:\/\/piekarniawitaszczyk.pl\/?p=1117"},"author":{"name":"pjw","@id":"https:\/\/piekarniawitaszczyk.pl\/#\/schema\/person\/a0988fad0cb41a07a314e04a0aaf2f01"},"headline":"S\u0142odko\u015bci na Dzie\u0144 Mamy","datePublished":"2023-05-26T14:13:18+00:00","dateModified":"2026-03-25T15:54:39+00:00","mainEntityOfPage":{"@id":"https:\/\/piekarniawitaszczyk.pl\/?p=1117"},"wordCount":24,"publisher":{"@id":"https:\/\/piekarniawitaszczyk.pl\/#organization"},"image":{"@id":"https:\/\/piekarniawitaszczyk.pl\/?p=1117#primaryimage"},"thumbnailUrl":"https:\/\/piekarniawitaszczyk.pl\/wp-content\/uploads\/2023\/05\/podwojne-e1685110520560.jpg","articleSection":["Cukiernia"],"inLanguage":"pl-PL"},{"@type":"WebPage","@id":"https:\/\/piekarniawitaszczyk.pl\/?p=1117","url":"https:\/\/piekarniawitaszczyk.pl\/?p=1117","name":"S\u0142odko\u015bci na Dzie\u0144 Mamy - Piekarnia Witaszczyk \u2013 tradycyjna piekarnia w Milan\u00f3wku","isPartOf":{"@id":"https:\/\/piekarniawitaszczyk.pl\/#website"},"primaryImageOfPage":{"@id":"https:\/\/piekarniawitaszczyk.pl\/?p=1117#primaryimage"},"image":{"@id":"https:\/\/piekarniawitaszczyk.pl\/?p=1117#primaryimage"},"thumbnailUrl":"https:\/\/piekarniawitaszczyk.pl\/wp-content\/uploads\/2023\/05\/podwojne-e1685110520560.jpg","datePublished":"2023-05-26T14:13:18+00:00","dateModified":"2026-03-25T15:54:39+00:00","breadcrumb":{"@id":"https:\/\/piekarniawitaszczyk.pl\/?p=1117#breadcrumb"},"inLanguage":"pl-PL","potentialAction":[{"@type":"ReadAction","target":["https:\/\/piekarniawitaszczyk.pl\/?p=1117"]}]},{"@type":"ImageObject","inLanguage":"pl-PL","@id":"https:\/\/piekarniawitaszczyk.pl\/?p=1117#primaryimage","url":"https:\/\/piekarniawitaszczyk.pl\/wp-content\/uploads\/2023\/05\/podwojne-e1685110520560.jpg","contentUrl":"https:\/\/piekarniawitaszczyk.pl\/wp-content\/uploads\/2023\/05\/podwojne-e1685110520560.jpg","width":432,"height":268},{"@type":"BreadcrumbList","@id":"https:\/\/piekarniawitaszczyk.pl\/?p=1117#breadcrumb","itemListElement":[{"@type":"ListItem","position":1,"name":"Strona g\u0142\u00f3wna","item":"https:\/\/piekarniawitaszczyk.pl\/"},{"@type":"ListItem","position":2,"name":"S\u0142odko\u015bci na Dzie\u0144 Mamy"}]},{"@type":"WebSite","@id":"https:\/\/piekarniawitaszczyk.pl\/#website","url":"https:\/\/piekarniawitaszczyk.pl\/","name":"Piekarnia Witaszczyk \u2013 tradycyjna piekarnia w Milan\u00f3wku","description":"Chleb na zakwasie, ciasta, sklepo-kawiarnie \u2013 Milan\u00f3wek, Grodzisk Mazowiecki, Brwin\u00f3w, Otr\u0119busy, Jaktor\u00f3w, Mi\u0119dzybor\u00f3w, \u017byrard\u00f3w","publisher":{"@id":"https:\/\/piekarniawitaszczyk.pl\/#organization"},"potentialAction":[{"@type":"SearchAction","target":{"@type":"EntryPoint","urlTemplate":"https:\/\/piekarniawitaszczyk.pl\/?s={search_term_string}"},"query-input":{"@type":"PropertyValueSpecification","valueRequired":true,"valueName":"search_term_string"}}],"inLanguage":"pl-PL"},{"@type":"Organization","@id":"https:\/\/piekarniawitaszczyk.pl\/#organization","name":"Piekarnia Witaszczyk zp. z o.o.","url":"https:\/\/piekarniawitaszczyk.pl\/","logo":{"@type":"ImageObject","inLanguage":"pl-PL","@id":"https:\/\/piekarniawitaszczyk.pl\/#\/schema\/logo\/image\/","url":"https:\/\/piekarniawitaszczyk.pl\/wp-content\/uploads\/2020\/03\/logo.jpg","contentUrl":"https:\/\/piekarniawitaszczyk.pl\/wp-content\/uploads\/2020\/03\/logo.jpg","width":298,"height":287,"caption":"Piekarnia Witaszczyk zp. z o.o."},"image":{"@id":"https:\/\/piekarniawitaszczyk.pl\/#\/schema\/logo\/image\/"},"sameAs":["https:\/\/www.facebook.com\/piekarniawitaszczyk"]},{"@type":"Person","@id":"https:\/\/piekarniawitaszczyk.pl\/#\/schema\/person\/a0988fad0cb41a07a314e04a0aaf2f01","name":"pjw","image":{"@type":"ImageObject","inLanguage":"pl-PL","@id":"https:\/\/secure.gravatar.com\/avatar\/1d883a1576746c5c2aab0bd316091a6b53f4162c6bf69c7aa1e833b78e24ec3a?s=96&d=mm&r=g","url":"https:\/\/secure.gravatar.com\/avatar\/1d883a1576746c5c2aab0bd316091a6b53f4162c6bf69c7aa1e833b78e24ec3a?s=96&d=mm&r=g","contentUrl":"https:\/\/secure.gravatar.com\/avatar\/1d883a1576746c5c2aab0bd316091a6b53f4162c6bf69c7aa1e833b78e24ec3a?s=96&d=mm&r=g","caption":"pjw"},"url":"https:\/\/piekarniawitaszczyk.pl\/?author=1"}]}},"_links":{"self":[{"href":"https:\/\/piekarniawitaszczyk.pl\/index.php?rest_route=\/wp\/v2\/posts\/1117","targetHints":{"allow":["GET"]}}],"collection":[{"href":"https:\/\/piekarniawitaszczyk.pl\/index.php?rest_route=\/wp\/v2\/posts"}],"about":[{"href":"https:\/\/piekarniawitaszczyk.pl\/index.php?rest_route=\/wp\/v2\/types\/post"}],"author":[{"embeddable":true,"href":"https:\/\/piekarniawitaszczyk.pl\/index.php?rest_route=\/wp\/v2\/users\/1"}],"replies":[{"embeddable":true,"href":"https:\/\/piekarniawitaszczyk.pl\/index.php?rest_route=%2Fwp%2Fv2%2Fcomments&post=1117"}],"version-history":[{"count":6,"href":"https:\/\/piekarniawitaszczyk.pl\/index.php?rest_route=\/wp\/v2\/posts\/1117\/revisions"}],"predecessor-version":[{"id":1238,"href":"https:\/\/piekarniawitaszczyk.pl\/index.php?rest_route=\/wp\/v2\/posts\/1117\/revisions\/1238"}],"wp:featuredmedia":[{"embeddable":true,"href":"https:\/\/piekarniawitaszczyk.pl\/index.php?rest_route=\/wp\/v2\/media\/1121"}],"wp:attachment":[{"href":"https:\/\/piekarniawitaszczyk.pl\/index.php?rest_route=%2Fwp%2Fv2%2Fmedia&parent=1117"}],"wp:term":[{"taxonomy":"category","embeddable":true,"href":"https:\/\/piekarniawitaszczyk.pl\/index.php?rest_route=%2Fwp%2Fv2%2Fcategories&post=1117"},{"taxonomy":"post_tag","embeddable":true,"href":"https:\/\/piekarniawitaszczyk.pl\/index.php?rest_route=%2Fwp%2Fv2%2Ftags&post=1117"}],"curies":[{"name":"wp","href":"https:\/\/api.w.org\/{rel}","templated":true}]}}