{"id":275,"date":"2015-12-07T14:31:35","date_gmt":"2015-12-07T14:31:35","guid":{"rendered":"http:\/\/www.piekarniajw.pl\/?p=275"},"modified":"2016-02-24T12:18:31","modified_gmt":"2016-02-24T12:18:31","slug":"spotkanie-na-dozynkach-prezydenckich-w-spale","status":"publish","type":"post","link":"https:\/\/piekarniawitaszczyk.pl\/?p=275","title":{"rendered":"SPOTKANIE NA DO\u017bYNKACH PREZYDENCKICH W SPALE"},"content":{"rendered":"<p style=\"text-align: justify;\"><img loading=\"lazy\" decoding=\"async\" class=\"alignright wp-image-276 size-full\" src=\"http:\/\/piekarniawitaszczyk.pl\/wp-content\/uploads\/2015\/12\/dozynki1s.jpg\" alt=\"\" width=\"165\" height=\"110\" \/>Dnia 16\/09\/2012 w Spale odby\u0142y si\u0119 Do\u017cynki Prezydenckie, na kt\u00f3re zosta\u0142a zaproszona Piekarnia Janusz Witaszczyk. Byli\u015bmy jedyn\u0105 Piekarni\u0105, kt\u00f3ra dostarczy\u0142a pieczywo na st\u00f3\u0142 prezydencki podczas do\u017cynek. Dzi\u0119kujemy klientom, kt\u00f3rzy odwiedzili nasze stoisko na Go\u015bci\u0144cu Prezydenckim. Przedstawiamy zdj\u0119cia z uroczysto\u015bci.<\/p>\n\n\t\t<style type=\"text\/css\">\n\t\t\t#gallery-1 {\n\t\t\t\tmargin: auto;\n\t\t\t}\n\t\t\t#gallery-1 .gallery-item {\n\t\t\t\tfloat: left;\n\t\t\t\tmargin-top: 10px;\n\t\t\t\ttext-align: center;\n\t\t\t\twidth: 33%;\n\t\t\t}\n\t\t\t#gallery-1 img {\n\t\t\t\tborder: 2px solid #cfcfcf;\n\t\t\t}\n\t\t\t#gallery-1 .gallery-caption {\n\t\t\t\tmargin-left: 0;\n\t\t\t}\n\t\t\t\/* see gallery_shortcode() in wp-includes\/media.php *\/\n\t\t<\/style>\n\t\t<div id='gallery-1' class='gallery galleryid-275 gallery-columns-3 gallery-size-thumbnail'><dl class='gallery-item'>\n\t\t\t<dt class='gallery-icon landscape'>\n\t\t\t\t<img loading=\"lazy\" decoding=\"async\" width=\"150\" height=\"150\" src=\"https:\/\/piekarniawitaszczyk.pl\/wp-content\/uploads\/2015\/12\/dozynki5-150x150.jpg\" class=\"attachment-thumbnail size-thumbnail\" alt=\"\" \/>\n\t\t\t<\/dt><\/dl><dl class='gallery-item'>\n\t\t\t<dt class='gallery-icon landscape'>\n\t\t\t\t<img loading=\"lazy\" decoding=\"async\" width=\"150\" height=\"150\" src=\"https:\/\/piekarniawitaszczyk.pl\/wp-content\/uploads\/2015\/12\/dozynki6-150x150.jpg\" class=\"attachment-thumbnail size-thumbnail\" alt=\"\" \/>\n\t\t\t<\/dt><\/dl><dl class='gallery-item'>\n\t\t\t<dt class='gallery-icon landscape'>\n\t\t\t\t<img loading=\"lazy\" decoding=\"async\" width=\"150\" height=\"150\" src=\"https:\/\/piekarniawitaszczyk.pl\/wp-content\/uploads\/2015\/12\/dozynki1-150x150.jpg\" class=\"attachment-thumbnail size-thumbnail\" alt=\"\" \/>\n\t\t\t<\/dt><\/dl><br style=\"clear: both\" \/><dl class='gallery-item'>\n\t\t\t<dt class='gallery-icon landscape'>\n\t\t\t\t<img loading=\"lazy\" decoding=\"async\" width=\"150\" height=\"150\" src=\"https:\/\/piekarniawitaszczyk.pl\/wp-content\/uploads\/2015\/12\/dozynki2-150x150.jpg\" class=\"attachment-thumbnail size-thumbnail\" alt=\"\" \/>\n\t\t\t<\/dt><\/dl><dl class='gallery-item'>\n\t\t\t<dt class='gallery-icon landscape'>\n\t\t\t\t<img loading=\"lazy\" decoding=\"async\" width=\"150\" height=\"150\" src=\"https:\/\/piekarniawitaszczyk.pl\/wp-content\/uploads\/2015\/12\/dozynki3-150x150.jpg\" class=\"attachment-thumbnail size-thumbnail\" alt=\"\" \/>\n\t\t\t<\/dt><\/dl><dl class='gallery-item'>\n\t\t\t<dt class='gallery-icon landscape'>\n\t\t\t\t<img loading=\"lazy\" decoding=\"async\" width=\"150\" height=\"150\" src=\"https:\/\/piekarniawitaszczyk.pl\/wp-content\/uploads\/2015\/12\/dozynki4-150x150.jpg\" class=\"attachment-thumbnail size-thumbnail\" alt=\"\" \/>\n\t\t\t<\/dt><\/dl><br style=\"clear: both\" \/><dl class='gallery-item'>\n\t\t\t<dt class='gallery-icon landscape'>\n\t\t\t\t<img loading=\"lazy\" decoding=\"async\" width=\"150\" height=\"110\" src=\"https:\/\/piekarniawitaszczyk.pl\/wp-content\/uploads\/2015\/12\/dozynki1s-150x110.jpg\" class=\"attachment-thumbnail size-thumbnail\" alt=\"\" \/>\n\t\t\t<\/dt><\/dl>\n\t\t\t<br style='clear: both' \/>\n\t\t<\/div>\n\n","protected":false},"excerpt":{"rendered":"<p>Dnia 16\/09\/2012 w Spale odby\u0142y si\u0119 Do\u017cynki Prezydenckie, na kt\u00f3re zosta\u0142a zaproszona Piekarnia Janusz Witaszczyk. Byli\u015bmy jedyn\u0105 Piekarni\u0105, kt\u00f3ra dostarczy\u0142a pieczywo na st\u00f3\u0142 prezydencki podczas do\u017cynek. Dzi\u0119kujemy klientom, kt\u00f3rzy odwiedzili nasze stoisko na Go\u015bci\u0144cu Prezydenckim. Przedstawiamy zdj\u0119cia z uroczysto\u015bci.<\/p>\n","protected":false},"author":1,"featured_media":0,"comment_status":"closed","ping_status":"open","sticky":false,"template":"","format":"gallery","meta":{"footnotes":""},"categories":[18],"tags":[],"class_list":["post-275","post","type-post","status-publish","format-gallery","hentry","category-eventy","post_format-post-format-gallery"],"yoast_head":"<!-- This site is optimized with the Yoast SEO plugin v27.2 - https:\/\/yoast.com\/product\/yoast-seo-wordpress\/ -->\n<title>SPOTKANIE NA DO\u017bYNKACH PREZYDENCKICH W SPALE - Piekarnia Witaszczyk \u2013 tradycyjna piekarnia w Milan\u00f3wku<\/title>\n<meta name=\"robots\" content=\"index, follow, max-snippet:-1, max-image-preview:large, max-video-preview:-1\" \/>\n<link rel=\"canonical\" href=\"https:\/\/piekarniawitaszczyk.pl\/?p=275\" \/>\n<meta property=\"og:locale\" content=\"pl_PL\" \/>\n<meta property=\"og:type\" content=\"article\" \/>\n<meta property=\"og:title\" content=\"SPOTKANIE NA DO\u017bYNKACH PREZYDENCKICH W SPALE - Piekarnia Witaszczyk \u2013 tradycyjna piekarnia w Milan\u00f3wku\" \/>\n<meta property=\"og:description\" content=\"Dnia 16\/09\/2012 w Spale odby\u0142y si\u0119 Do\u017cynki Prezydenckie, na kt\u00f3re zosta\u0142a zaproszona Piekarnia Janusz Witaszczyk. Byli\u015bmy jedyn\u0105 Piekarni\u0105, kt\u00f3ra dostarczy\u0142a pieczywo na st\u00f3\u0142 prezydencki podczas do\u017cynek. Dzi\u0119kujemy klientom, kt\u00f3rzy odwiedzili nasze stoisko na Go\u015bci\u0144cu Prezydenckim. Przedstawiamy zdj\u0119cia z uroczysto\u015bci.\" \/>\n<meta property=\"og:url\" content=\"https:\/\/piekarniawitaszczyk.pl\/?p=275\" \/>\n<meta property=\"og:site_name\" content=\"Piekarnia Witaszczyk \u2013 tradycyjna piekarnia w Milan\u00f3wku\" \/>\n<meta property=\"article:publisher\" content=\"https:\/\/www.facebook.com\/piekarniawitaszczyk\" \/>\n<meta property=\"article:published_time\" content=\"2015-12-07T14:31:35+00:00\" \/>\n<meta property=\"article:modified_time\" content=\"2016-02-24T12:18:31+00:00\" \/>\n<meta property=\"og:image\" content=\"https:\/\/piekarniawitaszczyk.pl\/wp-content\/uploads\/2015\/12\/dozynki5-150x150.jpg\" \/>\n<meta name=\"author\" content=\"pjw\" \/>\n<meta name=\"twitter:card\" content=\"summary_large_image\" \/>\n<meta name=\"twitter:label1\" content=\"Napisane przez\" \/>\n\t<meta name=\"twitter:data1\" content=\"pjw\" \/>\n<script type=\"application\/ld+json\" class=\"yoast-schema-graph\">{\"@context\":\"https:\/\/schema.org\",\"@graph\":[{\"@type\":\"Article\",\"@id\":\"https:\/\/piekarniawitaszczyk.pl\/?p=275#article\",\"isPartOf\":{\"@id\":\"https:\/\/piekarniawitaszczyk.pl\/?p=275\"},\"author\":{\"name\":\"pjw\",\"@id\":\"https:\/\/piekarniawitaszczyk.pl\/#\/schema\/person\/a0988fad0cb41a07a314e04a0aaf2f01\"},\"headline\":\"SPOTKANIE NA DO\u017bYNKACH PREZYDENCKICH W SPALE\",\"datePublished\":\"2015-12-07T14:31:35+00:00\",\"dateModified\":\"2016-02-24T12:18:31+00:00\",\"mainEntityOfPage\":{\"@id\":\"https:\/\/piekarniawitaszczyk.pl\/?p=275\"},\"wordCount\":63,\"publisher\":{\"@id\":\"https:\/\/piekarniawitaszczyk.pl\/#organization\"},\"image\":{\"@id\":\"https:\/\/piekarniawitaszczyk.pl\/?p=275#primaryimage\"},\"thumbnailUrl\":\"http:\/\/piekarniawitaszczyk.pl\/wp-content\/uploads\/2015\/12\/dozynki1s.jpg\",\"articleSection\":[\"Eventy\"],\"inLanguage\":\"pl-PL\"},{\"@type\":\"WebPage\",\"@id\":\"https:\/\/piekarniawitaszczyk.pl\/?p=275\",\"url\":\"https:\/\/piekarniawitaszczyk.pl\/?p=275\",\"name\":\"SPOTKANIE NA DO\u017bYNKACH PREZYDENCKICH W SPALE - Piekarnia Witaszczyk \u2013 tradycyjna piekarnia w Milan\u00f3wku\",\"isPartOf\":{\"@id\":\"https:\/\/piekarniawitaszczyk.pl\/#website\"},\"primaryImageOfPage\":{\"@id\":\"https:\/\/piekarniawitaszczyk.pl\/?p=275#primaryimage\"},\"image\":{\"@id\":\"https:\/\/piekarniawitaszczyk.pl\/?p=275#primaryimage\"},\"thumbnailUrl\":\"http:\/\/piekarniawitaszczyk.pl\/wp-content\/uploads\/2015\/12\/dozynki1s.jpg\",\"datePublished\":\"2015-12-07T14:31:35+00:00\",\"dateModified\":\"2016-02-24T12:18:31+00:00\",\"breadcrumb\":{\"@id\":\"https:\/\/piekarniawitaszczyk.pl\/?p=275#breadcrumb\"},\"inLanguage\":\"pl-PL\",\"potentialAction\":[{\"@type\":\"ReadAction\",\"target\":[\"https:\/\/piekarniawitaszczyk.pl\/?p=275\"]}]},{\"@type\":\"ImageObject\",\"inLanguage\":\"pl-PL\",\"@id\":\"https:\/\/piekarniawitaszczyk.pl\/?p=275#primaryimage\",\"url\":\"https:\/\/piekarniawitaszczyk.pl\/wp-content\/uploads\/2015\/12\/dozynki1s.jpg\",\"contentUrl\":\"https:\/\/piekarniawitaszczyk.pl\/wp-content\/uploads\/2015\/12\/dozynki1s.jpg\",\"width\":165,\"height\":110},{\"@type\":\"BreadcrumbList\",\"@id\":\"https:\/\/piekarniawitaszczyk.pl\/?p=275#breadcrumb\",\"itemListElement\":[{\"@type\":\"ListItem\",\"position\":1,\"name\":\"Strona g\u0142\u00f3wna\",\"item\":\"https:\/\/piekarniawitaszczyk.pl\/\"},{\"@type\":\"ListItem\",\"position\":2,\"name\":\"SPOTKANIE NA DO\u017bYNKACH PREZYDENCKICH W SPALE\"}]},{\"@type\":\"WebSite\",\"@id\":\"https:\/\/piekarniawitaszczyk.pl\/#website\",\"url\":\"https:\/\/piekarniawitaszczyk.pl\/\",\"name\":\"Piekarnia Witaszczyk \u2013 tradycyjna piekarnia w Milan\u00f3wku\",\"description\":\"Chleb na zakwasie, ciasta, sklepo-kawiarnie \u2013 Milan\u00f3wek, Grodzisk Mazowiecki, Brwin\u00f3w, Otr\u0119busy, Jaktor\u00f3w, Mi\u0119dzybor\u00f3w, \u017byrard\u00f3w\",\"publisher\":{\"@id\":\"https:\/\/piekarniawitaszczyk.pl\/#organization\"},\"potentialAction\":[{\"@type\":\"SearchAction\",\"target\":{\"@type\":\"EntryPoint\",\"urlTemplate\":\"https:\/\/piekarniawitaszczyk.pl\/?s={search_term_string}\"},\"query-input\":{\"@type\":\"PropertyValueSpecification\",\"valueRequired\":true,\"valueName\":\"search_term_string\"}}],\"inLanguage\":\"pl-PL\"},{\"@type\":\"Organization\",\"@id\":\"https:\/\/piekarniawitaszczyk.pl\/#organization\",\"name\":\"Piekarnia Witaszczyk zp. z o.o.\",\"url\":\"https:\/\/piekarniawitaszczyk.pl\/\",\"logo\":{\"@type\":\"ImageObject\",\"inLanguage\":\"pl-PL\",\"@id\":\"https:\/\/piekarniawitaszczyk.pl\/#\/schema\/logo\/image\/\",\"url\":\"https:\/\/piekarniawitaszczyk.pl\/wp-content\/uploads\/2020\/03\/logo.jpg\",\"contentUrl\":\"https:\/\/piekarniawitaszczyk.pl\/wp-content\/uploads\/2020\/03\/logo.jpg\",\"width\":298,\"height\":287,\"caption\":\"Piekarnia Witaszczyk zp. z o.o.\"},\"image\":{\"@id\":\"https:\/\/piekarniawitaszczyk.pl\/#\/schema\/logo\/image\/\"},\"sameAs\":[\"https:\/\/www.facebook.com\/piekarniawitaszczyk\"]},{\"@type\":\"Person\",\"@id\":\"https:\/\/piekarniawitaszczyk.pl\/#\/schema\/person\/a0988fad0cb41a07a314e04a0aaf2f01\",\"name\":\"pjw\",\"image\":{\"@type\":\"ImageObject\",\"inLanguage\":\"pl-PL\",\"@id\":\"https:\/\/secure.gravatar.com\/avatar\/1d883a1576746c5c2aab0bd316091a6b53f4162c6bf69c7aa1e833b78e24ec3a?s=96&d=mm&r=g\",\"url\":\"https:\/\/secure.gravatar.com\/avatar\/1d883a1576746c5c2aab0bd316091a6b53f4162c6bf69c7aa1e833b78e24ec3a?s=96&d=mm&r=g\",\"contentUrl\":\"https:\/\/secure.gravatar.com\/avatar\/1d883a1576746c5c2aab0bd316091a6b53f4162c6bf69c7aa1e833b78e24ec3a?s=96&d=mm&r=g\",\"caption\":\"pjw\"},\"url\":\"https:\/\/piekarniawitaszczyk.pl\/?author=1\"}]}<\/script>\n<!-- \/ Yoast SEO plugin. -->","yoast_head_json":{"title":"SPOTKANIE NA DO\u017bYNKACH PREZYDENCKICH W SPALE - Piekarnia Witaszczyk \u2013 tradycyjna piekarnia w Milan\u00f3wku","robots":{"index":"index","follow":"follow","max-snippet":"max-snippet:-1","max-image-preview":"max-image-preview:large","max-video-preview":"max-video-preview:-1"},"canonical":"https:\/\/piekarniawitaszczyk.pl\/?p=275","og_locale":"pl_PL","og_type":"article","og_title":"SPOTKANIE NA DO\u017bYNKACH PREZYDENCKICH W SPALE - Piekarnia Witaszczyk \u2013 tradycyjna piekarnia w Milan\u00f3wku","og_description":"Dnia 16\/09\/2012 w Spale odby\u0142y si\u0119 Do\u017cynki Prezydenckie, na kt\u00f3re zosta\u0142a zaproszona Piekarnia Janusz Witaszczyk. Byli\u015bmy jedyn\u0105 Piekarni\u0105, kt\u00f3ra dostarczy\u0142a pieczywo na st\u00f3\u0142 prezydencki podczas do\u017cynek. Dzi\u0119kujemy klientom, kt\u00f3rzy odwiedzili nasze stoisko na Go\u015bci\u0144cu Prezydenckim. Przedstawiamy zdj\u0119cia z uroczysto\u015bci.","og_url":"https:\/\/piekarniawitaszczyk.pl\/?p=275","og_site_name":"Piekarnia Witaszczyk \u2013 tradycyjna piekarnia w Milan\u00f3wku","article_publisher":"https:\/\/www.facebook.com\/piekarniawitaszczyk","article_published_time":"2015-12-07T14:31:35+00:00","article_modified_time":"2016-02-24T12:18:31+00:00","og_image":[{"url":"https:\/\/piekarniawitaszczyk.pl\/wp-content\/uploads\/2015\/12\/dozynki5-150x150.jpg","type":"","width":"","height":""}],"author":"pjw","twitter_card":"summary_large_image","twitter_misc":{"Napisane przez":"pjw"},"schema":{"@context":"https:\/\/schema.org","@graph":[{"@type":"Article","@id":"https:\/\/piekarniawitaszczyk.pl\/?p=275#article","isPartOf":{"@id":"https:\/\/piekarniawitaszczyk.pl\/?p=275"},"author":{"name":"pjw","@id":"https:\/\/piekarniawitaszczyk.pl\/#\/schema\/person\/a0988fad0cb41a07a314e04a0aaf2f01"},"headline":"SPOTKANIE NA DO\u017bYNKACH PREZYDENCKICH W SPALE","datePublished":"2015-12-07T14:31:35+00:00","dateModified":"2016-02-24T12:18:31+00:00","mainEntityOfPage":{"@id":"https:\/\/piekarniawitaszczyk.pl\/?p=275"},"wordCount":63,"publisher":{"@id":"https:\/\/piekarniawitaszczyk.pl\/#organization"},"image":{"@id":"https:\/\/piekarniawitaszczyk.pl\/?p=275#primaryimage"},"thumbnailUrl":"http:\/\/piekarniawitaszczyk.pl\/wp-content\/uploads\/2015\/12\/dozynki1s.jpg","articleSection":["Eventy"],"inLanguage":"pl-PL"},{"@type":"WebPage","@id":"https:\/\/piekarniawitaszczyk.pl\/?p=275","url":"https:\/\/piekarniawitaszczyk.pl\/?p=275","name":"SPOTKANIE NA DO\u017bYNKACH PREZYDENCKICH W SPALE - Piekarnia Witaszczyk \u2013 tradycyjna piekarnia w Milan\u00f3wku","isPartOf":{"@id":"https:\/\/piekarniawitaszczyk.pl\/#website"},"primaryImageOfPage":{"@id":"https:\/\/piekarniawitaszczyk.pl\/?p=275#primaryimage"},"image":{"@id":"https:\/\/piekarniawitaszczyk.pl\/?p=275#primaryimage"},"thumbnailUrl":"http:\/\/piekarniawitaszczyk.pl\/wp-content\/uploads\/2015\/12\/dozynki1s.jpg","datePublished":"2015-12-07T14:31:35+00:00","dateModified":"2016-02-24T12:18:31+00:00","breadcrumb":{"@id":"https:\/\/piekarniawitaszczyk.pl\/?p=275#breadcrumb"},"inLanguage":"pl-PL","potentialAction":[{"@type":"ReadAction","target":["https:\/\/piekarniawitaszczyk.pl\/?p=275"]}]},{"@type":"ImageObject","inLanguage":"pl-PL","@id":"https:\/\/piekarniawitaszczyk.pl\/?p=275#primaryimage","url":"https:\/\/piekarniawitaszczyk.pl\/wp-content\/uploads\/2015\/12\/dozynki1s.jpg","contentUrl":"https:\/\/piekarniawitaszczyk.pl\/wp-content\/uploads\/2015\/12\/dozynki1s.jpg","width":165,"height":110},{"@type":"BreadcrumbList","@id":"https:\/\/piekarniawitaszczyk.pl\/?p=275#breadcrumb","itemListElement":[{"@type":"ListItem","position":1,"name":"Strona g\u0142\u00f3wna","item":"https:\/\/piekarniawitaszczyk.pl\/"},{"@type":"ListItem","position":2,"name":"SPOTKANIE NA DO\u017bYNKACH PREZYDENCKICH W SPALE"}]},{"@type":"WebSite","@id":"https:\/\/piekarniawitaszczyk.pl\/#website","url":"https:\/\/piekarniawitaszczyk.pl\/","name":"Piekarnia Witaszczyk \u2013 tradycyjna piekarnia w Milan\u00f3wku","description":"Chleb na zakwasie, ciasta, sklepo-kawiarnie \u2013 Milan\u00f3wek, Grodzisk Mazowiecki, Brwin\u00f3w, Otr\u0119busy, Jaktor\u00f3w, Mi\u0119dzybor\u00f3w, \u017byrard\u00f3w","publisher":{"@id":"https:\/\/piekarniawitaszczyk.pl\/#organization"},"potentialAction":[{"@type":"SearchAction","target":{"@type":"EntryPoint","urlTemplate":"https:\/\/piekarniawitaszczyk.pl\/?s={search_term_string}"},"query-input":{"@type":"PropertyValueSpecification","valueRequired":true,"valueName":"search_term_string"}}],"inLanguage":"pl-PL"},{"@type":"Organization","@id":"https:\/\/piekarniawitaszczyk.pl\/#organization","name":"Piekarnia Witaszczyk zp. z o.o.","url":"https:\/\/piekarniawitaszczyk.pl\/","logo":{"@type":"ImageObject","inLanguage":"pl-PL","@id":"https:\/\/piekarniawitaszczyk.pl\/#\/schema\/logo\/image\/","url":"https:\/\/piekarniawitaszczyk.pl\/wp-content\/uploads\/2020\/03\/logo.jpg","contentUrl":"https:\/\/piekarniawitaszczyk.pl\/wp-content\/uploads\/2020\/03\/logo.jpg","width":298,"height":287,"caption":"Piekarnia Witaszczyk zp. z o.o."},"image":{"@id":"https:\/\/piekarniawitaszczyk.pl\/#\/schema\/logo\/image\/"},"sameAs":["https:\/\/www.facebook.com\/piekarniawitaszczyk"]},{"@type":"Person","@id":"https:\/\/piekarniawitaszczyk.pl\/#\/schema\/person\/a0988fad0cb41a07a314e04a0aaf2f01","name":"pjw","image":{"@type":"ImageObject","inLanguage":"pl-PL","@id":"https:\/\/secure.gravatar.com\/avatar\/1d883a1576746c5c2aab0bd316091a6b53f4162c6bf69c7aa1e833b78e24ec3a?s=96&d=mm&r=g","url":"https:\/\/secure.gravatar.com\/avatar\/1d883a1576746c5c2aab0bd316091a6b53f4162c6bf69c7aa1e833b78e24ec3a?s=96&d=mm&r=g","contentUrl":"https:\/\/secure.gravatar.com\/avatar\/1d883a1576746c5c2aab0bd316091a6b53f4162c6bf69c7aa1e833b78e24ec3a?s=96&d=mm&r=g","caption":"pjw"},"url":"https:\/\/piekarniawitaszczyk.pl\/?author=1"}]}},"_links":{"self":[{"href":"https:\/\/piekarniawitaszczyk.pl\/index.php?rest_route=\/wp\/v2\/posts\/275","targetHints":{"allow":["GET"]}}],"collection":[{"href":"https:\/\/piekarniawitaszczyk.pl\/index.php?rest_route=\/wp\/v2\/posts"}],"about":[{"href":"https:\/\/piekarniawitaszczyk.pl\/index.php?rest_route=\/wp\/v2\/types\/post"}],"author":[{"embeddable":true,"href":"https:\/\/piekarniawitaszczyk.pl\/index.php?rest_route=\/wp\/v2\/users\/1"}],"replies":[{"embeddable":true,"href":"https:\/\/piekarniawitaszczyk.pl\/index.php?rest_route=%2Fwp%2Fv2%2Fcomments&post=275"}],"version-history":[{"count":2,"href":"https:\/\/piekarniawitaszczyk.pl\/index.php?rest_route=\/wp\/v2\/posts\/275\/revisions"}],"predecessor-version":[{"id":284,"href":"https:\/\/piekarniawitaszczyk.pl\/index.php?rest_route=\/wp\/v2\/posts\/275\/revisions\/284"}],"wp:attachment":[{"href":"https:\/\/piekarniawitaszczyk.pl\/index.php?rest_route=%2Fwp%2Fv2%2Fmedia&parent=275"}],"wp:term":[{"taxonomy":"category","embeddable":true,"href":"https:\/\/piekarniawitaszczyk.pl\/index.php?rest_route=%2Fwp%2Fv2%2Fcategories&post=275"},{"taxonomy":"post_tag","embeddable":true,"href":"https:\/\/piekarniawitaszczyk.pl\/index.php?rest_route=%2Fwp%2Fv2%2Ftags&post=275"}],"curies":[{"name":"wp","href":"https:\/\/api.w.org\/{rel}","templated":true}]}}