{"id":596,"date":"2016-12-20T09:08:35","date_gmt":"2016-12-20T09:08:35","guid":{"rendered":"http:\/\/www.piekarniajw.pl\/?p=596"},"modified":"2016-12-20T09:19:18","modified_gmt":"2016-12-20T09:19:18","slug":"nowy-chleb-siemitek-rozmowa-z-laureatka-konkursu-na-nazwe-chleba","status":"publish","type":"post","link":"https:\/\/piekarniawitaszczyk.pl\/?p=596","title":{"rendered":"Nowy chleb Siemitek &#8211; rozmowa z laureatk\u0105 konkursu na nazw\u0119 chleba"},"content":{"rendered":"<div id=\"attachment_597\" style=\"width: 160px\" class=\"wp-caption alignleft\"><a href=\"http:\/\/piekarniawitaszczyk.pl\/wp-content\/uploads\/2016\/12\/IMG_8476_1481974286663.jpg\"><img loading=\"lazy\" decoding=\"async\" aria-describedby=\"caption-attachment-597\" class=\"wp-image-597 size-thumbnail\" title=\"Nagroda w konkursie - kosz pyszno\u015bci i vouchery do kina\" src=\"http:\/\/piekarniawitaszczyk.pl\/wp-content\/uploads\/2016\/12\/IMG_8476_1481974286663-150x150.jpg\" alt=\"Nagroda w konkursie - kosz pyszno\u015bci i vouchery do kina\" width=\"150\" height=\"150\" \/><\/a><p id=\"caption-attachment-597\" class=\"wp-caption-text\">Nagroda w konkursie &#8211; kosz pyszno\u015bci i vouchery do kina<\/p><\/div>\n<p style=\"text-align: justify;\">Nazw\u0119 Siemitek zaproponowa\u0142a klientka z Otr\u0119bus \u2013\u00a0 Magdalena G.<br \/>\nSkontaktowali\u015bmy si\u0119 z osob\u0105 proponuj\u0105c\u0105 nazw\u0119 i przeprowadzili\u015bmy z ni\u0105 kr\u00f3tki wywiad. Jest absolwentk\u0105 milanowskiego liceum, bywa w naszym mie\u015bcie i z piekarni\u0105 J. Witaszczyka zawar\u0142a przyja\u017a\u0144 jeszcze w okresie m\u0142odo\u015bci.<\/p>\n<p style=\"text-align: justify;\"><!--more--><\/p>\n<p style=\"text-align: justify;\"><strong>Pytamy nasz\u0105 laureatk\u0119\u00a0 &#8211; jak si\u0119 dowiedzia\u0142a o konkursie na nazw\u0119 nowego chleba?<\/strong><br \/>\n&#8211; O konkursie dowiedzia\u0142am si\u0119 kupuj\u0105c pieczywo i ch\u0119tnie wzi\u0119\u0142am w nim udzia\u0142, pr\u00f3buj\u0105c swoich si\u0142.\u00a0 Oczywi\u015bcie pocz\u0105tkowo pojawia\u0142y si\u0119 pomys\u0142y na inn\u0105 nazw\u0119, ale zdecydowanie zwyci\u0119\u017cy\u0142 w\u015br\u00f3d nich w\u0142a\u015bnie Siemitek ze wzgl\u0119du na g\u0142\u00f3wny sk\u0142adnik<br \/>\ntego chleba\u00a0 &#8211; czyli niezwykle korzystne dla zdrowia siemi\u0119 lniane &#8211; i tak ju\u017c zosta\u0142o&#8230;<br \/>\n<strong>Pytamy p. Magdalen\u0119 o ocen\u0119 nowego chleba, czyli \u201eSiemitka\u201d,\u00a0 ze strony rodziny i przyjaci\u00f3\u0142? <\/strong><br \/>\n&#8211; Moja rodzina i znajomi r\u00f3wnie\u017c, za moj\u0105 namow\u0105, pr\u00f3bowali i ch\u0119tnie kupuj\u0105 ten chleb. Niestety nie pr\u00f3bowa\u0142am wszystkich produkt\u00f3w z Piekarni J. Witaszczyka, ale zdarza\u0142o mi si\u0119 kupowa\u0107 r\u00f3wnie\u017c wyroby cukiernicze i uwa\u017cam, \u017ce oferta jest wystarczaj\u0105ca.<br \/>\nBardzo si\u0119 ciesz\u0119, \u017ce mog\u0142am wzi\u0105\u0107 udzia\u0142 w konkursie piekarni J. Witaszczyka i \u2013 tym bardziej \u2013 wygra\u0107 go. \u2013 kontynuuje laureatka konkursu &#8211; Licz\u0119, \u017ce piekarnia J. Witaszczyka w Milan\u00f3wku na tym nie poprzestanie. Oczekuj\u0119, jako sta\u0142a klientka tej piekarni, \u017ce pojawi\u0105 si\u0119 w jej ofercie nowe receptury, \u017cyjemy wszak w szybko integruj\u0105cym si\u0119 \u015bwiecie, mo\u017ce pojawi\u0105 si\u0119 nowe ciekawsze jeszcze receptury i licz\u0119, \u017ce piekarnia milanowska w interesie konsumenta wdro\u017cy je do produkcji. Udzia\u0142 w tym konkursie by\u0142 dla mnie przygod\u0105, ale i zarazem chyba uczuli\u0142 nas konsument\u00f3w, jak i producent\u00f3w pieczywa &#8211; na potrzeb\u0119 wi\u0119kszej troski o klienta! I to mi si\u0119 podoba!<br \/>\n<strong>Prosimy laureatk\u0119, by szerzej przedstawi\u0142a si\u0119\u2026 <\/strong><br \/>\n&#8211; Jestem mieszkank\u0105 Otr\u0119bus od urodzenia, wi\u0119c ju\u017c od ponad trzydziestu lat i dodam, \u017ce nie zamieni\u0142abym tego miejsca na \u017cadne inne. Po prostu zamieszkanie w\u015br\u00f3d zieleni po nieco uci\u0105\u017cliwym tygodniu pracy w ha\u0142a\u015bliwej W-wie wspaniale mnie relaksuje. Nie dziwi\u0119 si\u0119, \u017ce coraz wi\u0119cej ludzi pracy tw\u00f3rczej, jak aktorzy, dziennikarze, naukowcy szukaj\u0105 spokoju w podwarszawskich miejscowo\u015bciach.<br \/>\nJestem &#8211; prawnikiem \u2013 kontynuuje nasza rozm\u00f3wczyni\u00a0 &#8211; i prowadz\u0119 w\u0142asn\u0105 kancelari\u0119 w Warszawie, a z uwagi na do\u015b\u0107 odpowiedzialny zaw\u00f3d bardzo ch\u0119tnie wracam do domu, znajduj\u0105cego si\u0119 w\u0142a\u015bnie w Otr\u0119busach.<br \/>\n<strong> Pytamy o pogl\u0105dy laureatki nt. od\u017cywiania si\u0119, kt\u00f3re w czasach rosn\u0105cego zanieczyszczania\u00a0 \u015brodowiska jest bardzo istotne \u2013 i dowiadujemy si\u0119, \u017ce:<\/strong><br \/>\n&#8211; Pomimo wielu obowi\u0105zk\u00f3w zawodowych staram si\u0119 prowadzi\u0107 zdrowy tryb \u017cycia, a zamieszkiwanie pod Warszaw\u0105 jest w tym bardzo pomocne. Oczywi\u015bcie zwracam uwag\u0119 r\u00f3wnie\u017c na to, co jem i aby jedzenie by\u0142o zar\u00f3wno przyjemne, jak i zdrowe. Cz\u0119sto wypiekam chleb samodzielnie, na zakwasie, jednak\u017ce bardzo ceni\u0119 sobie pieczywo z Piekarni J. Witaszczyk, w szczeg\u00f3lno\u015bci Siemitka:) \u2013 kt\u00f3ry zyska\u0142 uznanie komisji konkursowej \u2013 mo\u017ce z uwagi na bardzo du\u017c\u0105 zawarto\u015b\u0107 siemienia lnianego i innych ziaren (uwielbiam!), jak te\u017c chleb \u017cytni. S\u0105 to bardzo smaczne i zdrowe chleby, kt\u00f3re na co dzie\u0144 po prostu chce si\u0119 je\u015b\u0107. Pr\u00f3bowa\u0142am oczywi\u015bcie r\u00f3wnie\u017c innych chleb\u00f3w z tej piekarni, jednak\u017ce dla mnie faworytem s\u0105 w\u0142a\u015bnie te dwa wspomniane przeze mnie rodzaje pieczywa.<br \/>\n<strong>Raz jeszcze gratulujemy Pani Magdalenie wygranej w konkursie na nazw\u0119 nowego chleba i zapraszamy pod odbi\u00f3r nagrody.<\/strong><\/p>\n<p style=\"text-align: justify;\">Przypomnijmy, \u017ce sk\u0142ad nowego chlebka o nazwie Semitek jest nast\u0119puj\u0105cy: M\u0105ka \u017cytnia, zakwas \u017cytni, m\u0105ka pszenna (9%), siemi\u0119 lniane, s\u0142onecznik, m\u0105ka kukurydziana, kie\u0142ki pszenicy, serwatka w proszku (z mleka), m\u0105ka sojowa, rzepak, przyprawy, witamina C, kwas dro\u017cd\u017ce, s\u00f3l, cukier, woda.<br \/>\nChleb zawiera: b\u0142onnik, witamin\u0119 E i cynk, wielonienasycone kwasy t\u0142uszczowe omega-3, kwasy t\u0142uszczowe omega-6, witaminy z grupy B, kwas mlekowy z zakwasu \u017cytniego.<\/p>\n<p style=\"text-align: justify;\"><strong>Jak oceniaj\u0105 Siemitka klienci?<\/strong><br \/>\nMejlami, telefonicznie, w rozmowach z klientami docieraj\u0105 do nas pierwsze opinie:<\/p>\n<p style=\"text-align: justify;\">Iwona R. &#8211;\u00a0 \u201eM\u00f3j znajomy sugeruj\u0105c ten chleb mia\u0142 racj\u0119. Jest po prostu rewelacyjny. Napotkana przy przystanku busiku Irena Cz. m\u00f3wi: Przyje\u017cd\u017cam co dwa-trzy tygodnie\u00a0 na cmentarz, by zapali\u0107 znicz na grobie siostry i przy okazji kupuj\u0119 jak zwykle razowy Witaszczyka. S\u0142ysz\u0105c w sklepie, \u017ce kolejne osoby zamawiaj\u0105 jaki\u015b nowy chleb, poprosi\u0142am\u00a0 zamiast razowego. W domu skosztowali\u015bmy z m\u0119\u017cem i \u017ca\u0142uj\u0119, \u017ce kupi\u0142am tylko jeden bochenek. To pycha!<\/p>\n<p style=\"text-align: justify;\">Pani Ewa J. jest emerytk\u0105, pytamy o ocen\u0119 Siemitka, kt\u00f3ry polecili\u015bmy seniorom ju\u017c wcze\u015bniej. Pocz\u0105tkowo by\u0142am nieufna \u2013 m\u00f3wi &#8211;\u00a0 traktowa\u0142am to jako jeszcze\u00a0 jedn\u0105 reklam\u0119 \u2013 ale gdy kupi\u0142am i spr\u00f3bowali\u015bmy z m\u0119\u017cem i bratanic\u0105 pomy\u015bla\u0142em, \u017ce takiego chleba nam, emerytom, trzeba by\u0142o ju\u017c dawno. M\u0105\u017c otworzy\u0142 w domu komputer, sprawdzi\u0142 zalety sk\u0142adnik\u00f3w i wszystko sta\u0142o si\u0119 jasne. Ile to ju\u017c razy wcze\u015bniej pili\u015bmy napar z mielonego siemienia lnianego ratuj\u0105c si\u0119 przy k\u0142opotach \u017co\u0142\u0105dkowych. M\u0119\u017cowi pasta z oleju lnianego z twaro\u017ckiem Babuni &#8211; od dawna pomaga w odchudzaniu.\u00a0 &#8211;\u00a0 Ten chlebek jest taki delikatny, smaczny &#8211; wnuczek pr\u00f3bowa\u0142 na s\u0142odko z mase\u0142kiem i konfiturami \u2013 po prostu fantastyczny! Gratulujemy piekarni,\u00a0 \u017ce pomy\u015blano\u00a0 o potrzebach senior\u00f3w!<\/p>\n<p style=\"text-align: justify;\">Wszystkich naszych klient\u00f3w, kt\u00f3rzy chcieliby si\u0119 podzieli\u0107 z nami uwagami na temat Siemitka prosimy je skierowa\u0107 pod adresem: <a href=\"mailto:biuro@piekarniajw.pl\">biuro@piekarniajw.pl<\/a> lub pozostawi\u0107 list w jednym z naszych sklep\u00f3w.<\/p>\n","protected":false},"excerpt":{"rendered":"<p>Nazw\u0119 Siemitek zaproponowa\u0142a klientka z Otr\u0119bus \u2013\u00a0 Magdalena G. Skontaktowali\u015bmy si\u0119 z osob\u0105 proponuj\u0105c\u0105 nazw\u0119 i przeprowadzili\u015bmy z ni\u0105 kr\u00f3tki wywiad. Jest absolwentk\u0105 milanowskiego liceum, bywa w naszym mie\u015bcie i z piekarni\u0105 J. Witaszczyka zawar\u0142a przyja\u017a\u0144 jeszcze w okresie m\u0142odo\u015bci.<\/p>\n","protected":false},"author":1,"featured_media":0,"comment_status":"closed","ping_status":"open","sticky":false,"template":"","format":"standard","meta":{"footnotes":""},"categories":[1],"tags":[],"class_list":["post-596","post","type-post","status-publish","format-standard","hentry","category-internet"],"yoast_head":"<!-- This site is optimized with the Yoast SEO plugin v27.2 - https:\/\/yoast.com\/product\/yoast-seo-wordpress\/ -->\n<title>Nowy chleb Siemitek - rozmowa z laureatk\u0105 konkursu na nazw\u0119 chleba - Piekarnia Witaszczyk \u2013 tradycyjna piekarnia w Milan\u00f3wku<\/title>\n<meta name=\"robots\" content=\"index, follow, max-snippet:-1, max-image-preview:large, max-video-preview:-1\" \/>\n<link rel=\"canonical\" href=\"https:\/\/piekarniawitaszczyk.pl\/?p=596\" \/>\n<meta property=\"og:locale\" content=\"pl_PL\" \/>\n<meta property=\"og:type\" content=\"article\" \/>\n<meta property=\"og:title\" content=\"Nowy chleb Siemitek - rozmowa z laureatk\u0105 konkursu na nazw\u0119 chleba - Piekarnia Witaszczyk \u2013 tradycyjna piekarnia w Milan\u00f3wku\" \/>\n<meta property=\"og:description\" content=\"Nazw\u0119 Siemitek zaproponowa\u0142a klientka z Otr\u0119bus \u2013\u00a0 Magdalena G. Skontaktowali\u015bmy si\u0119 z osob\u0105 proponuj\u0105c\u0105 nazw\u0119 i przeprowadzili\u015bmy z ni\u0105 kr\u00f3tki wywiad. Jest absolwentk\u0105 milanowskiego liceum, bywa w naszym mie\u015bcie i z piekarni\u0105 J. Witaszczyka zawar\u0142a przyja\u017a\u0144 jeszcze w okresie m\u0142odo\u015bci.\" \/>\n<meta property=\"og:url\" content=\"https:\/\/piekarniawitaszczyk.pl\/?p=596\" \/>\n<meta property=\"og:site_name\" content=\"Piekarnia Witaszczyk \u2013 tradycyjna piekarnia w Milan\u00f3wku\" \/>\n<meta property=\"article:publisher\" content=\"https:\/\/www.facebook.com\/piekarniawitaszczyk\" \/>\n<meta property=\"article:published_time\" content=\"2016-12-20T09:08:35+00:00\" \/>\n<meta property=\"article:modified_time\" content=\"2016-12-20T09:19:18+00:00\" \/>\n<meta property=\"og:image\" content=\"https:\/\/piekarniawitaszczyk.pl\/wp-content\/uploads\/2016\/12\/IMG_8476_1481974286663.jpg\" \/>\n\t<meta property=\"og:image:width\" content=\"600\" \/>\n\t<meta property=\"og:image:height\" content=\"800\" \/>\n\t<meta property=\"og:image:type\" content=\"image\/jpeg\" \/>\n<meta name=\"author\" content=\"pjw\" \/>\n<meta name=\"twitter:card\" content=\"summary_large_image\" \/>\n<meta name=\"twitter:label1\" content=\"Napisane przez\" \/>\n\t<meta name=\"twitter:data1\" content=\"pjw\" \/>\n\t<meta name=\"twitter:label2\" content=\"Szacowany czas czytania\" \/>\n\t<meta name=\"twitter:data2\" content=\"5 minut\" \/>\n<script type=\"application\/ld+json\" class=\"yoast-schema-graph\">{\"@context\":\"https:\/\/schema.org\",\"@graph\":[{\"@type\":\"Article\",\"@id\":\"https:\/\/piekarniawitaszczyk.pl\/?p=596#article\",\"isPartOf\":{\"@id\":\"https:\/\/piekarniawitaszczyk.pl\/?p=596\"},\"author\":{\"name\":\"pjw\",\"@id\":\"https:\/\/piekarniawitaszczyk.pl\/#\/schema\/person\/a0988fad0cb41a07a314e04a0aaf2f01\"},\"headline\":\"Nowy chleb Siemitek &#8211; rozmowa z laureatk\u0105 konkursu na nazw\u0119 chleba\",\"datePublished\":\"2016-12-20T09:08:35+00:00\",\"dateModified\":\"2016-12-20T09:19:18+00:00\",\"mainEntityOfPage\":{\"@id\":\"https:\/\/piekarniawitaszczyk.pl\/?p=596\"},\"wordCount\":971,\"publisher\":{\"@id\":\"https:\/\/piekarniawitaszczyk.pl\/#organization\"},\"image\":{\"@id\":\"https:\/\/piekarniawitaszczyk.pl\/?p=596#primaryimage\"},\"thumbnailUrl\":\"http:\/\/piekarniawitaszczyk.pl\/wp-content\/uploads\/2016\/12\/IMG_8476_1481974286663-150x150.jpg\",\"articleSection\":[\"Internet\"],\"inLanguage\":\"pl-PL\"},{\"@type\":\"WebPage\",\"@id\":\"https:\/\/piekarniawitaszczyk.pl\/?p=596\",\"url\":\"https:\/\/piekarniawitaszczyk.pl\/?p=596\",\"name\":\"Nowy chleb Siemitek - rozmowa z laureatk\u0105 konkursu na nazw\u0119 chleba - Piekarnia Witaszczyk \u2013 tradycyjna piekarnia w Milan\u00f3wku\",\"isPartOf\":{\"@id\":\"https:\/\/piekarniawitaszczyk.pl\/#website\"},\"primaryImageOfPage\":{\"@id\":\"https:\/\/piekarniawitaszczyk.pl\/?p=596#primaryimage\"},\"image\":{\"@id\":\"https:\/\/piekarniawitaszczyk.pl\/?p=596#primaryimage\"},\"thumbnailUrl\":\"http:\/\/piekarniawitaszczyk.pl\/wp-content\/uploads\/2016\/12\/IMG_8476_1481974286663-150x150.jpg\",\"datePublished\":\"2016-12-20T09:08:35+00:00\",\"dateModified\":\"2016-12-20T09:19:18+00:00\",\"breadcrumb\":{\"@id\":\"https:\/\/piekarniawitaszczyk.pl\/?p=596#breadcrumb\"},\"inLanguage\":\"pl-PL\",\"potentialAction\":[{\"@type\":\"ReadAction\",\"target\":[\"https:\/\/piekarniawitaszczyk.pl\/?p=596\"]}]},{\"@type\":\"ImageObject\",\"inLanguage\":\"pl-PL\",\"@id\":\"https:\/\/piekarniawitaszczyk.pl\/?p=596#primaryimage\",\"url\":\"https:\/\/piekarniawitaszczyk.pl\/wp-content\/uploads\/2016\/12\/IMG_8476_1481974286663.jpg\",\"contentUrl\":\"https:\/\/piekarniawitaszczyk.pl\/wp-content\/uploads\/2016\/12\/IMG_8476_1481974286663.jpg\",\"width\":600,\"height\":800},{\"@type\":\"BreadcrumbList\",\"@id\":\"https:\/\/piekarniawitaszczyk.pl\/?p=596#breadcrumb\",\"itemListElement\":[{\"@type\":\"ListItem\",\"position\":1,\"name\":\"Strona g\u0142\u00f3wna\",\"item\":\"https:\/\/piekarniawitaszczyk.pl\/\"},{\"@type\":\"ListItem\",\"position\":2,\"name\":\"Nowy chleb Siemitek &#8211; rozmowa z laureatk\u0105 konkursu na nazw\u0119 chleba\"}]},{\"@type\":\"WebSite\",\"@id\":\"https:\/\/piekarniawitaszczyk.pl\/#website\",\"url\":\"https:\/\/piekarniawitaszczyk.pl\/\",\"name\":\"Piekarnia Witaszczyk \u2013 tradycyjna piekarnia w Milan\u00f3wku\",\"description\":\"Chleb na zakwasie, ciasta, sklepo-kawiarnie \u2013 Milan\u00f3wek, Grodzisk Mazowiecki, Brwin\u00f3w, Otr\u0119busy, Jaktor\u00f3w, Mi\u0119dzybor\u00f3w, \u017byrard\u00f3w\",\"publisher\":{\"@id\":\"https:\/\/piekarniawitaszczyk.pl\/#organization\"},\"potentialAction\":[{\"@type\":\"SearchAction\",\"target\":{\"@type\":\"EntryPoint\",\"urlTemplate\":\"https:\/\/piekarniawitaszczyk.pl\/?s={search_term_string}\"},\"query-input\":{\"@type\":\"PropertyValueSpecification\",\"valueRequired\":true,\"valueName\":\"search_term_string\"}}],\"inLanguage\":\"pl-PL\"},{\"@type\":\"Organization\",\"@id\":\"https:\/\/piekarniawitaszczyk.pl\/#organization\",\"name\":\"Piekarnia Witaszczyk zp. z o.o.\",\"url\":\"https:\/\/piekarniawitaszczyk.pl\/\",\"logo\":{\"@type\":\"ImageObject\",\"inLanguage\":\"pl-PL\",\"@id\":\"https:\/\/piekarniawitaszczyk.pl\/#\/schema\/logo\/image\/\",\"url\":\"https:\/\/piekarniawitaszczyk.pl\/wp-content\/uploads\/2020\/03\/logo.jpg\",\"contentUrl\":\"https:\/\/piekarniawitaszczyk.pl\/wp-content\/uploads\/2020\/03\/logo.jpg\",\"width\":298,\"height\":287,\"caption\":\"Piekarnia Witaszczyk zp. z o.o.\"},\"image\":{\"@id\":\"https:\/\/piekarniawitaszczyk.pl\/#\/schema\/logo\/image\/\"},\"sameAs\":[\"https:\/\/www.facebook.com\/piekarniawitaszczyk\"]},{\"@type\":\"Person\",\"@id\":\"https:\/\/piekarniawitaszczyk.pl\/#\/schema\/person\/a0988fad0cb41a07a314e04a0aaf2f01\",\"name\":\"pjw\",\"image\":{\"@type\":\"ImageObject\",\"inLanguage\":\"pl-PL\",\"@id\":\"https:\/\/secure.gravatar.com\/avatar\/1d883a1576746c5c2aab0bd316091a6b53f4162c6bf69c7aa1e833b78e24ec3a?s=96&d=mm&r=g\",\"url\":\"https:\/\/secure.gravatar.com\/avatar\/1d883a1576746c5c2aab0bd316091a6b53f4162c6bf69c7aa1e833b78e24ec3a?s=96&d=mm&r=g\",\"contentUrl\":\"https:\/\/secure.gravatar.com\/avatar\/1d883a1576746c5c2aab0bd316091a6b53f4162c6bf69c7aa1e833b78e24ec3a?s=96&d=mm&r=g\",\"caption\":\"pjw\"},\"url\":\"https:\/\/piekarniawitaszczyk.pl\/?author=1\"}]}<\/script>\n<!-- \/ Yoast SEO plugin. -->","yoast_head_json":{"title":"Nowy chleb Siemitek - rozmowa z laureatk\u0105 konkursu na nazw\u0119 chleba - Piekarnia Witaszczyk \u2013 tradycyjna piekarnia w Milan\u00f3wku","robots":{"index":"index","follow":"follow","max-snippet":"max-snippet:-1","max-image-preview":"max-image-preview:large","max-video-preview":"max-video-preview:-1"},"canonical":"https:\/\/piekarniawitaszczyk.pl\/?p=596","og_locale":"pl_PL","og_type":"article","og_title":"Nowy chleb Siemitek - rozmowa z laureatk\u0105 konkursu na nazw\u0119 chleba - Piekarnia Witaszczyk \u2013 tradycyjna piekarnia w Milan\u00f3wku","og_description":"Nazw\u0119 Siemitek zaproponowa\u0142a klientka z Otr\u0119bus \u2013\u00a0 Magdalena G. Skontaktowali\u015bmy si\u0119 z osob\u0105 proponuj\u0105c\u0105 nazw\u0119 i przeprowadzili\u015bmy z ni\u0105 kr\u00f3tki wywiad. Jest absolwentk\u0105 milanowskiego liceum, bywa w naszym mie\u015bcie i z piekarni\u0105 J. Witaszczyka zawar\u0142a przyja\u017a\u0144 jeszcze w okresie m\u0142odo\u015bci.","og_url":"https:\/\/piekarniawitaszczyk.pl\/?p=596","og_site_name":"Piekarnia Witaszczyk \u2013 tradycyjna piekarnia w Milan\u00f3wku","article_publisher":"https:\/\/www.facebook.com\/piekarniawitaszczyk","article_published_time":"2016-12-20T09:08:35+00:00","article_modified_time":"2016-12-20T09:19:18+00:00","og_image":[{"width":600,"height":800,"url":"https:\/\/piekarniawitaszczyk.pl\/wp-content\/uploads\/2016\/12\/IMG_8476_1481974286663.jpg","type":"image\/jpeg"}],"author":"pjw","twitter_card":"summary_large_image","twitter_misc":{"Napisane przez":"pjw","Szacowany czas czytania":"5 minut"},"schema":{"@context":"https:\/\/schema.org","@graph":[{"@type":"Article","@id":"https:\/\/piekarniawitaszczyk.pl\/?p=596#article","isPartOf":{"@id":"https:\/\/piekarniawitaszczyk.pl\/?p=596"},"author":{"name":"pjw","@id":"https:\/\/piekarniawitaszczyk.pl\/#\/schema\/person\/a0988fad0cb41a07a314e04a0aaf2f01"},"headline":"Nowy chleb Siemitek &#8211; rozmowa z laureatk\u0105 konkursu na nazw\u0119 chleba","datePublished":"2016-12-20T09:08:35+00:00","dateModified":"2016-12-20T09:19:18+00:00","mainEntityOfPage":{"@id":"https:\/\/piekarniawitaszczyk.pl\/?p=596"},"wordCount":971,"publisher":{"@id":"https:\/\/piekarniawitaszczyk.pl\/#organization"},"image":{"@id":"https:\/\/piekarniawitaszczyk.pl\/?p=596#primaryimage"},"thumbnailUrl":"http:\/\/piekarniawitaszczyk.pl\/wp-content\/uploads\/2016\/12\/IMG_8476_1481974286663-150x150.jpg","articleSection":["Internet"],"inLanguage":"pl-PL"},{"@type":"WebPage","@id":"https:\/\/piekarniawitaszczyk.pl\/?p=596","url":"https:\/\/piekarniawitaszczyk.pl\/?p=596","name":"Nowy chleb Siemitek - rozmowa z laureatk\u0105 konkursu na nazw\u0119 chleba - Piekarnia Witaszczyk \u2013 tradycyjna piekarnia w Milan\u00f3wku","isPartOf":{"@id":"https:\/\/piekarniawitaszczyk.pl\/#website"},"primaryImageOfPage":{"@id":"https:\/\/piekarniawitaszczyk.pl\/?p=596#primaryimage"},"image":{"@id":"https:\/\/piekarniawitaszczyk.pl\/?p=596#primaryimage"},"thumbnailUrl":"http:\/\/piekarniawitaszczyk.pl\/wp-content\/uploads\/2016\/12\/IMG_8476_1481974286663-150x150.jpg","datePublished":"2016-12-20T09:08:35+00:00","dateModified":"2016-12-20T09:19:18+00:00","breadcrumb":{"@id":"https:\/\/piekarniawitaszczyk.pl\/?p=596#breadcrumb"},"inLanguage":"pl-PL","potentialAction":[{"@type":"ReadAction","target":["https:\/\/piekarniawitaszczyk.pl\/?p=596"]}]},{"@type":"ImageObject","inLanguage":"pl-PL","@id":"https:\/\/piekarniawitaszczyk.pl\/?p=596#primaryimage","url":"https:\/\/piekarniawitaszczyk.pl\/wp-content\/uploads\/2016\/12\/IMG_8476_1481974286663.jpg","contentUrl":"https:\/\/piekarniawitaszczyk.pl\/wp-content\/uploads\/2016\/12\/IMG_8476_1481974286663.jpg","width":600,"height":800},{"@type":"BreadcrumbList","@id":"https:\/\/piekarniawitaszczyk.pl\/?p=596#breadcrumb","itemListElement":[{"@type":"ListItem","position":1,"name":"Strona g\u0142\u00f3wna","item":"https:\/\/piekarniawitaszczyk.pl\/"},{"@type":"ListItem","position":2,"name":"Nowy chleb Siemitek &#8211; rozmowa z laureatk\u0105 konkursu na nazw\u0119 chleba"}]},{"@type":"WebSite","@id":"https:\/\/piekarniawitaszczyk.pl\/#website","url":"https:\/\/piekarniawitaszczyk.pl\/","name":"Piekarnia Witaszczyk \u2013 tradycyjna piekarnia w Milan\u00f3wku","description":"Chleb na zakwasie, ciasta, sklepo-kawiarnie \u2013 Milan\u00f3wek, Grodzisk Mazowiecki, Brwin\u00f3w, Otr\u0119busy, Jaktor\u00f3w, Mi\u0119dzybor\u00f3w, \u017byrard\u00f3w","publisher":{"@id":"https:\/\/piekarniawitaszczyk.pl\/#organization"},"potentialAction":[{"@type":"SearchAction","target":{"@type":"EntryPoint","urlTemplate":"https:\/\/piekarniawitaszczyk.pl\/?s={search_term_string}"},"query-input":{"@type":"PropertyValueSpecification","valueRequired":true,"valueName":"search_term_string"}}],"inLanguage":"pl-PL"},{"@type":"Organization","@id":"https:\/\/piekarniawitaszczyk.pl\/#organization","name":"Piekarnia Witaszczyk zp. z o.o.","url":"https:\/\/piekarniawitaszczyk.pl\/","logo":{"@type":"ImageObject","inLanguage":"pl-PL","@id":"https:\/\/piekarniawitaszczyk.pl\/#\/schema\/logo\/image\/","url":"https:\/\/piekarniawitaszczyk.pl\/wp-content\/uploads\/2020\/03\/logo.jpg","contentUrl":"https:\/\/piekarniawitaszczyk.pl\/wp-content\/uploads\/2020\/03\/logo.jpg","width":298,"height":287,"caption":"Piekarnia Witaszczyk zp. z o.o."},"image":{"@id":"https:\/\/piekarniawitaszczyk.pl\/#\/schema\/logo\/image\/"},"sameAs":["https:\/\/www.facebook.com\/piekarniawitaszczyk"]},{"@type":"Person","@id":"https:\/\/piekarniawitaszczyk.pl\/#\/schema\/person\/a0988fad0cb41a07a314e04a0aaf2f01","name":"pjw","image":{"@type":"ImageObject","inLanguage":"pl-PL","@id":"https:\/\/secure.gravatar.com\/avatar\/1d883a1576746c5c2aab0bd316091a6b53f4162c6bf69c7aa1e833b78e24ec3a?s=96&d=mm&r=g","url":"https:\/\/secure.gravatar.com\/avatar\/1d883a1576746c5c2aab0bd316091a6b53f4162c6bf69c7aa1e833b78e24ec3a?s=96&d=mm&r=g","contentUrl":"https:\/\/secure.gravatar.com\/avatar\/1d883a1576746c5c2aab0bd316091a6b53f4162c6bf69c7aa1e833b78e24ec3a?s=96&d=mm&r=g","caption":"pjw"},"url":"https:\/\/piekarniawitaszczyk.pl\/?author=1"}]}},"_links":{"self":[{"href":"https:\/\/piekarniawitaszczyk.pl\/index.php?rest_route=\/wp\/v2\/posts\/596","targetHints":{"allow":["GET"]}}],"collection":[{"href":"https:\/\/piekarniawitaszczyk.pl\/index.php?rest_route=\/wp\/v2\/posts"}],"about":[{"href":"https:\/\/piekarniawitaszczyk.pl\/index.php?rest_route=\/wp\/v2\/types\/post"}],"author":[{"embeddable":true,"href":"https:\/\/piekarniawitaszczyk.pl\/index.php?rest_route=\/wp\/v2\/users\/1"}],"replies":[{"embeddable":true,"href":"https:\/\/piekarniawitaszczyk.pl\/index.php?rest_route=%2Fwp%2Fv2%2Fcomments&post=596"}],"version-history":[{"count":6,"href":"https:\/\/piekarniawitaszczyk.pl\/index.php?rest_route=\/wp\/v2\/posts\/596\/revisions"}],"predecessor-version":[{"id":603,"href":"https:\/\/piekarniawitaszczyk.pl\/index.php?rest_route=\/wp\/v2\/posts\/596\/revisions\/603"}],"wp:attachment":[{"href":"https:\/\/piekarniawitaszczyk.pl\/index.php?rest_route=%2Fwp%2Fv2%2Fmedia&parent=596"}],"wp:term":[{"taxonomy":"category","embeddable":true,"href":"https:\/\/piekarniawitaszczyk.pl\/index.php?rest_route=%2Fwp%2Fv2%2Fcategories&post=596"},{"taxonomy":"post_tag","embeddable":true,"href":"https:\/\/piekarniawitaszczyk.pl\/index.php?rest_route=%2Fwp%2Fv2%2Ftags&post=596"}],"curies":[{"name":"wp","href":"https:\/\/api.w.org\/{rel}","templated":true}]}}