{"id":607,"date":"2017-01-17T19:28:45","date_gmt":"2017-01-17T19:28:45","guid":{"rendered":"http:\/\/www.piekarniajw.pl\/?p=607"},"modified":"2017-01-17T19:45:53","modified_gmt":"2017-01-17T19:45:53","slug":"piekarnia-janusza-witaszczyka-wspiera-milanowskie-towarzystwo-letnicze","status":"publish","type":"post","link":"https:\/\/piekarniawitaszczyk.pl\/?p=607","title":{"rendered":"Piekarnia Janusza Witaszczyka wspiera Milanowskie Towarzystwo Letnicze"},"content":{"rendered":"<p style=\"text-align: justify;\"><a href=\"http:\/\/piekarniawitaszczyk.pl\/wp-content\/uploads\/2017\/01\/lwow2.jpg\"><img loading=\"lazy\" decoding=\"async\" class=\"size-thumbnail wp-image-616 alignleft\" src=\"http:\/\/piekarniawitaszczyk.pl\/wp-content\/uploads\/2017\/01\/lwow2-150x150.jpg\" alt=\"lwow\" width=\"150\" height=\"150\" \/><\/a><a href=\"http:\/\/piekarniawitaszczyk.pl\/wp-content\/uploads\/2017\/01\/paczki.jpg\"><img loading=\"lazy\" decoding=\"async\" class=\"size-thumbnail wp-image-618 alignleft\" src=\"http:\/\/piekarniawitaszczyk.pl\/wp-content\/uploads\/2017\/01\/paczki-150x150.jpg\" alt=\"paczki\" width=\"150\" height=\"150\" \/><\/a>W najbli\u017csz\u0105 niedziel\u0119, 22 stycznia 2017 roku odb\u0119dzie si\u0119 spotkanie Milanowskiego Towarzystwa Letniczego, na kt\u00f3ry zosta\u0142a zaproszona Piekarnia Janusza Witaszczyka. Tematem spotkania jest \u201eUdzia\u0142 ludzi z Kres\u00f3w w rozwoju Milan\u00f3wka\u201d, podczas kt\u00f3rego b\u0119dzie mo\u017cna obejrze\u0107 filmy dokumentalne o Lwowie, wys\u0142ucha\u0107 starych lwowskich piosenek, oraz uczestniczy\u0107 w wielu ciekawych spotkaniach. B\u0119dzie to tak\u017ce okazja do skosztowania chleba &#8222;Siemitek&#8221; oraz p\u0105czk\u00f3w przygotowanych wed\u0142ug tradycyjnej lwowskiej receptury przygotowanych przez nasz\u0105 piekarni\u0119.<\/p>\n","protected":false},"excerpt":{"rendered":"<p>W najbli\u017csz\u0105 niedziel\u0119, 22 stycznia 2017 roku odb\u0119dzie si\u0119 spotkanie Milanowskiego Towarzystwa Letniczego, na kt\u00f3ry zosta\u0142a zaproszona Piekarnia Janusza Witaszczyka. Tematem spotkania jest \u201eUdzia\u0142 ludzi z Kres\u00f3w w rozwoju Milan\u00f3wka\u201d, podczas kt\u00f3rego b\u0119dzie mo\u017cna obejrze\u0107 filmy dokumentalne o Lwowie, wys\u0142ucha\u0107 starych lwowskich piosenek, oraz uczestniczy\u0107 w wielu ciekawych spotkaniach. B\u0119dzie to tak\u017ce okazja do skosztowania chleba &#8222;Siemitek&#8221; oraz p\u0105czk\u00f3w przygotowanych wed\u0142ug tradycyjnej lwowskiej receptury przygotowanych przez nasz\u0105 piekarni\u0119.<\/p>\n","protected":false},"author":1,"featured_media":0,"comment_status":"closed","ping_status":"open","sticky":false,"template":"","format":"standard","meta":{"footnotes":""},"categories":[1],"tags":[],"class_list":["post-607","post","type-post","status-publish","format-standard","hentry","category-internet"],"yoast_head":"<!-- This site is optimized with the Yoast SEO plugin v27.2 - https:\/\/yoast.com\/product\/yoast-seo-wordpress\/ -->\n<title>Piekarnia Janusza Witaszczyka wspiera Milanowskie Towarzystwo Letnicze - Piekarnia Witaszczyk \u2013 tradycyjna piekarnia w Milan\u00f3wku<\/title>\n<meta name=\"robots\" content=\"index, follow, max-snippet:-1, max-image-preview:large, max-video-preview:-1\" \/>\n<link rel=\"canonical\" href=\"https:\/\/piekarniawitaszczyk.pl\/?p=607\" \/>\n<meta property=\"og:locale\" content=\"pl_PL\" \/>\n<meta property=\"og:type\" content=\"article\" \/>\n<meta property=\"og:title\" content=\"Piekarnia Janusza Witaszczyka wspiera Milanowskie Towarzystwo Letnicze - Piekarnia Witaszczyk \u2013 tradycyjna piekarnia w Milan\u00f3wku\" \/>\n<meta property=\"og:description\" content=\"W najbli\u017csz\u0105 niedziel\u0119, 22 stycznia 2017 roku odb\u0119dzie si\u0119 spotkanie Milanowskiego Towarzystwa Letniczego, na kt\u00f3ry zosta\u0142a zaproszona Piekarnia Janusza Witaszczyka. Tematem spotkania jest \u201eUdzia\u0142 ludzi z Kres\u00f3w w rozwoju Milan\u00f3wka\u201d, podczas kt\u00f3rego b\u0119dzie mo\u017cna obejrze\u0107 filmy dokumentalne o Lwowie, wys\u0142ucha\u0107 starych lwowskich piosenek, oraz uczestniczy\u0107 w wielu ciekawych spotkaniach. B\u0119dzie to tak\u017ce okazja do skosztowania chleba &#8222;Siemitek&#8221; oraz p\u0105czk\u00f3w przygotowanych wed\u0142ug tradycyjnej lwowskiej receptury przygotowanych przez nasz\u0105 piekarni\u0119.\" \/>\n<meta property=\"og:url\" content=\"https:\/\/piekarniawitaszczyk.pl\/?p=607\" \/>\n<meta property=\"og:site_name\" content=\"Piekarnia Witaszczyk \u2013 tradycyjna piekarnia w Milan\u00f3wku\" \/>\n<meta property=\"article:publisher\" content=\"https:\/\/www.facebook.com\/piekarniawitaszczyk\" \/>\n<meta property=\"article:published_time\" content=\"2017-01-17T19:28:45+00:00\" \/>\n<meta property=\"article:modified_time\" content=\"2017-01-17T19:45:53+00:00\" \/>\n<meta property=\"og:image\" content=\"https:\/\/piekarniawitaszczyk.pl\/wp-content\/uploads\/2017\/01\/lwow2.jpg\" \/>\n\t<meta property=\"og:image:width\" content=\"439\" \/>\n\t<meta property=\"og:image:height\" content=\"453\" \/>\n\t<meta property=\"og:image:type\" content=\"image\/jpeg\" \/>\n<meta name=\"author\" content=\"pjw\" \/>\n<meta name=\"twitter:card\" content=\"summary_large_image\" \/>\n<meta name=\"twitter:label1\" content=\"Napisane przez\" \/>\n\t<meta name=\"twitter:data1\" content=\"pjw\" \/>\n<script type=\"application\/ld+json\" class=\"yoast-schema-graph\">{\"@context\":\"https:\/\/schema.org\",\"@graph\":[{\"@type\":\"Article\",\"@id\":\"https:\/\/piekarniawitaszczyk.pl\/?p=607#article\",\"isPartOf\":{\"@id\":\"https:\/\/piekarniawitaszczyk.pl\/?p=607\"},\"author\":{\"name\":\"pjw\",\"@id\":\"https:\/\/piekarniawitaszczyk.pl\/#\/schema\/person\/a0988fad0cb41a07a314e04a0aaf2f01\"},\"headline\":\"Piekarnia Janusza Witaszczyka wspiera Milanowskie Towarzystwo Letnicze\",\"datePublished\":\"2017-01-17T19:28:45+00:00\",\"dateModified\":\"2017-01-17T19:45:53+00:00\",\"mainEntityOfPage\":{\"@id\":\"https:\/\/piekarniawitaszczyk.pl\/?p=607\"},\"wordCount\":88,\"publisher\":{\"@id\":\"https:\/\/piekarniawitaszczyk.pl\/#organization\"},\"image\":{\"@id\":\"https:\/\/piekarniawitaszczyk.pl\/?p=607#primaryimage\"},\"thumbnailUrl\":\"http:\/\/piekarniawitaszczyk.pl\/wp-content\/uploads\/2017\/01\/lwow2-150x150.jpg\",\"articleSection\":[\"Internet\"],\"inLanguage\":\"pl-PL\"},{\"@type\":\"WebPage\",\"@id\":\"https:\/\/piekarniawitaszczyk.pl\/?p=607\",\"url\":\"https:\/\/piekarniawitaszczyk.pl\/?p=607\",\"name\":\"Piekarnia Janusza Witaszczyka wspiera Milanowskie Towarzystwo Letnicze - Piekarnia Witaszczyk \u2013 tradycyjna piekarnia w Milan\u00f3wku\",\"isPartOf\":{\"@id\":\"https:\/\/piekarniawitaszczyk.pl\/#website\"},\"primaryImageOfPage\":{\"@id\":\"https:\/\/piekarniawitaszczyk.pl\/?p=607#primaryimage\"},\"image\":{\"@id\":\"https:\/\/piekarniawitaszczyk.pl\/?p=607#primaryimage\"},\"thumbnailUrl\":\"http:\/\/piekarniawitaszczyk.pl\/wp-content\/uploads\/2017\/01\/lwow2-150x150.jpg\",\"datePublished\":\"2017-01-17T19:28:45+00:00\",\"dateModified\":\"2017-01-17T19:45:53+00:00\",\"breadcrumb\":{\"@id\":\"https:\/\/piekarniawitaszczyk.pl\/?p=607#breadcrumb\"},\"inLanguage\":\"pl-PL\",\"potentialAction\":[{\"@type\":\"ReadAction\",\"target\":[\"https:\/\/piekarniawitaszczyk.pl\/?p=607\"]}]},{\"@type\":\"ImageObject\",\"inLanguage\":\"pl-PL\",\"@id\":\"https:\/\/piekarniawitaszczyk.pl\/?p=607#primaryimage\",\"url\":\"https:\/\/piekarniawitaszczyk.pl\/wp-content\/uploads\/2017\/01\/lwow2.jpg\",\"contentUrl\":\"https:\/\/piekarniawitaszczyk.pl\/wp-content\/uploads\/2017\/01\/lwow2.jpg\",\"width\":439,\"height\":453},{\"@type\":\"BreadcrumbList\",\"@id\":\"https:\/\/piekarniawitaszczyk.pl\/?p=607#breadcrumb\",\"itemListElement\":[{\"@type\":\"ListItem\",\"position\":1,\"name\":\"Strona g\u0142\u00f3wna\",\"item\":\"https:\/\/piekarniawitaszczyk.pl\/\"},{\"@type\":\"ListItem\",\"position\":2,\"name\":\"Piekarnia Janusza Witaszczyka wspiera Milanowskie Towarzystwo Letnicze\"}]},{\"@type\":\"WebSite\",\"@id\":\"https:\/\/piekarniawitaszczyk.pl\/#website\",\"url\":\"https:\/\/piekarniawitaszczyk.pl\/\",\"name\":\"Piekarnia Witaszczyk \u2013 tradycyjna piekarnia w Milan\u00f3wku\",\"description\":\"Chleb na zakwasie, ciasta, sklepo-kawiarnie \u2013 Milan\u00f3wek, Grodzisk Mazowiecki, Brwin\u00f3w, Otr\u0119busy, Jaktor\u00f3w, Mi\u0119dzybor\u00f3w, \u017byrard\u00f3w\",\"publisher\":{\"@id\":\"https:\/\/piekarniawitaszczyk.pl\/#organization\"},\"potentialAction\":[{\"@type\":\"SearchAction\",\"target\":{\"@type\":\"EntryPoint\",\"urlTemplate\":\"https:\/\/piekarniawitaszczyk.pl\/?s={search_term_string}\"},\"query-input\":{\"@type\":\"PropertyValueSpecification\",\"valueRequired\":true,\"valueName\":\"search_term_string\"}}],\"inLanguage\":\"pl-PL\"},{\"@type\":\"Organization\",\"@id\":\"https:\/\/piekarniawitaszczyk.pl\/#organization\",\"name\":\"Piekarnia Witaszczyk zp. z o.o.\",\"url\":\"https:\/\/piekarniawitaszczyk.pl\/\",\"logo\":{\"@type\":\"ImageObject\",\"inLanguage\":\"pl-PL\",\"@id\":\"https:\/\/piekarniawitaszczyk.pl\/#\/schema\/logo\/image\/\",\"url\":\"https:\/\/piekarniawitaszczyk.pl\/wp-content\/uploads\/2020\/03\/logo.jpg\",\"contentUrl\":\"https:\/\/piekarniawitaszczyk.pl\/wp-content\/uploads\/2020\/03\/logo.jpg\",\"width\":298,\"height\":287,\"caption\":\"Piekarnia Witaszczyk zp. z o.o.\"},\"image\":{\"@id\":\"https:\/\/piekarniawitaszczyk.pl\/#\/schema\/logo\/image\/\"},\"sameAs\":[\"https:\/\/www.facebook.com\/piekarniawitaszczyk\"]},{\"@type\":\"Person\",\"@id\":\"https:\/\/piekarniawitaszczyk.pl\/#\/schema\/person\/a0988fad0cb41a07a314e04a0aaf2f01\",\"name\":\"pjw\",\"image\":{\"@type\":\"ImageObject\",\"inLanguage\":\"pl-PL\",\"@id\":\"https:\/\/secure.gravatar.com\/avatar\/1d883a1576746c5c2aab0bd316091a6b53f4162c6bf69c7aa1e833b78e24ec3a?s=96&d=mm&r=g\",\"url\":\"https:\/\/secure.gravatar.com\/avatar\/1d883a1576746c5c2aab0bd316091a6b53f4162c6bf69c7aa1e833b78e24ec3a?s=96&d=mm&r=g\",\"contentUrl\":\"https:\/\/secure.gravatar.com\/avatar\/1d883a1576746c5c2aab0bd316091a6b53f4162c6bf69c7aa1e833b78e24ec3a?s=96&d=mm&r=g\",\"caption\":\"pjw\"},\"url\":\"https:\/\/piekarniawitaszczyk.pl\/?author=1\"}]}<\/script>\n<!-- \/ Yoast SEO plugin. -->","yoast_head_json":{"title":"Piekarnia Janusza Witaszczyka wspiera Milanowskie Towarzystwo Letnicze - Piekarnia Witaszczyk \u2013 tradycyjna piekarnia w Milan\u00f3wku","robots":{"index":"index","follow":"follow","max-snippet":"max-snippet:-1","max-image-preview":"max-image-preview:large","max-video-preview":"max-video-preview:-1"},"canonical":"https:\/\/piekarniawitaszczyk.pl\/?p=607","og_locale":"pl_PL","og_type":"article","og_title":"Piekarnia Janusza Witaszczyka wspiera Milanowskie Towarzystwo Letnicze - Piekarnia Witaszczyk \u2013 tradycyjna piekarnia w Milan\u00f3wku","og_description":"W najbli\u017csz\u0105 niedziel\u0119, 22 stycznia 2017 roku odb\u0119dzie si\u0119 spotkanie Milanowskiego Towarzystwa Letniczego, na kt\u00f3ry zosta\u0142a zaproszona Piekarnia Janusza Witaszczyka. Tematem spotkania jest \u201eUdzia\u0142 ludzi z Kres\u00f3w w rozwoju Milan\u00f3wka\u201d, podczas kt\u00f3rego b\u0119dzie mo\u017cna obejrze\u0107 filmy dokumentalne o Lwowie, wys\u0142ucha\u0107 starych lwowskich piosenek, oraz uczestniczy\u0107 w wielu ciekawych spotkaniach. B\u0119dzie to tak\u017ce okazja do skosztowania chleba &#8222;Siemitek&#8221; oraz p\u0105czk\u00f3w przygotowanych wed\u0142ug tradycyjnej lwowskiej receptury przygotowanych przez nasz\u0105 piekarni\u0119.","og_url":"https:\/\/piekarniawitaszczyk.pl\/?p=607","og_site_name":"Piekarnia Witaszczyk \u2013 tradycyjna piekarnia w Milan\u00f3wku","article_publisher":"https:\/\/www.facebook.com\/piekarniawitaszczyk","article_published_time":"2017-01-17T19:28:45+00:00","article_modified_time":"2017-01-17T19:45:53+00:00","og_image":[{"width":439,"height":453,"url":"https:\/\/piekarniawitaszczyk.pl\/wp-content\/uploads\/2017\/01\/lwow2.jpg","type":"image\/jpeg"}],"author":"pjw","twitter_card":"summary_large_image","twitter_misc":{"Napisane przez":"pjw"},"schema":{"@context":"https:\/\/schema.org","@graph":[{"@type":"Article","@id":"https:\/\/piekarniawitaszczyk.pl\/?p=607#article","isPartOf":{"@id":"https:\/\/piekarniawitaszczyk.pl\/?p=607"},"author":{"name":"pjw","@id":"https:\/\/piekarniawitaszczyk.pl\/#\/schema\/person\/a0988fad0cb41a07a314e04a0aaf2f01"},"headline":"Piekarnia Janusza Witaszczyka wspiera Milanowskie Towarzystwo Letnicze","datePublished":"2017-01-17T19:28:45+00:00","dateModified":"2017-01-17T19:45:53+00:00","mainEntityOfPage":{"@id":"https:\/\/piekarniawitaszczyk.pl\/?p=607"},"wordCount":88,"publisher":{"@id":"https:\/\/piekarniawitaszczyk.pl\/#organization"},"image":{"@id":"https:\/\/piekarniawitaszczyk.pl\/?p=607#primaryimage"},"thumbnailUrl":"http:\/\/piekarniawitaszczyk.pl\/wp-content\/uploads\/2017\/01\/lwow2-150x150.jpg","articleSection":["Internet"],"inLanguage":"pl-PL"},{"@type":"WebPage","@id":"https:\/\/piekarniawitaszczyk.pl\/?p=607","url":"https:\/\/piekarniawitaszczyk.pl\/?p=607","name":"Piekarnia Janusza Witaszczyka wspiera Milanowskie Towarzystwo Letnicze - Piekarnia Witaszczyk \u2013 tradycyjna piekarnia w Milan\u00f3wku","isPartOf":{"@id":"https:\/\/piekarniawitaszczyk.pl\/#website"},"primaryImageOfPage":{"@id":"https:\/\/piekarniawitaszczyk.pl\/?p=607#primaryimage"},"image":{"@id":"https:\/\/piekarniawitaszczyk.pl\/?p=607#primaryimage"},"thumbnailUrl":"http:\/\/piekarniawitaszczyk.pl\/wp-content\/uploads\/2017\/01\/lwow2-150x150.jpg","datePublished":"2017-01-17T19:28:45+00:00","dateModified":"2017-01-17T19:45:53+00:00","breadcrumb":{"@id":"https:\/\/piekarniawitaszczyk.pl\/?p=607#breadcrumb"},"inLanguage":"pl-PL","potentialAction":[{"@type":"ReadAction","target":["https:\/\/piekarniawitaszczyk.pl\/?p=607"]}]},{"@type":"ImageObject","inLanguage":"pl-PL","@id":"https:\/\/piekarniawitaszczyk.pl\/?p=607#primaryimage","url":"https:\/\/piekarniawitaszczyk.pl\/wp-content\/uploads\/2017\/01\/lwow2.jpg","contentUrl":"https:\/\/piekarniawitaszczyk.pl\/wp-content\/uploads\/2017\/01\/lwow2.jpg","width":439,"height":453},{"@type":"BreadcrumbList","@id":"https:\/\/piekarniawitaszczyk.pl\/?p=607#breadcrumb","itemListElement":[{"@type":"ListItem","position":1,"name":"Strona g\u0142\u00f3wna","item":"https:\/\/piekarniawitaszczyk.pl\/"},{"@type":"ListItem","position":2,"name":"Piekarnia Janusza Witaszczyka wspiera Milanowskie Towarzystwo Letnicze"}]},{"@type":"WebSite","@id":"https:\/\/piekarniawitaszczyk.pl\/#website","url":"https:\/\/piekarniawitaszczyk.pl\/","name":"Piekarnia Witaszczyk \u2013 tradycyjna piekarnia w Milan\u00f3wku","description":"Chleb na zakwasie, ciasta, sklepo-kawiarnie \u2013 Milan\u00f3wek, Grodzisk Mazowiecki, Brwin\u00f3w, Otr\u0119busy, Jaktor\u00f3w, Mi\u0119dzybor\u00f3w, \u017byrard\u00f3w","publisher":{"@id":"https:\/\/piekarniawitaszczyk.pl\/#organization"},"potentialAction":[{"@type":"SearchAction","target":{"@type":"EntryPoint","urlTemplate":"https:\/\/piekarniawitaszczyk.pl\/?s={search_term_string}"},"query-input":{"@type":"PropertyValueSpecification","valueRequired":true,"valueName":"search_term_string"}}],"inLanguage":"pl-PL"},{"@type":"Organization","@id":"https:\/\/piekarniawitaszczyk.pl\/#organization","name":"Piekarnia Witaszczyk zp. z o.o.","url":"https:\/\/piekarniawitaszczyk.pl\/","logo":{"@type":"ImageObject","inLanguage":"pl-PL","@id":"https:\/\/piekarniawitaszczyk.pl\/#\/schema\/logo\/image\/","url":"https:\/\/piekarniawitaszczyk.pl\/wp-content\/uploads\/2020\/03\/logo.jpg","contentUrl":"https:\/\/piekarniawitaszczyk.pl\/wp-content\/uploads\/2020\/03\/logo.jpg","width":298,"height":287,"caption":"Piekarnia Witaszczyk zp. z o.o."},"image":{"@id":"https:\/\/piekarniawitaszczyk.pl\/#\/schema\/logo\/image\/"},"sameAs":["https:\/\/www.facebook.com\/piekarniawitaszczyk"]},{"@type":"Person","@id":"https:\/\/piekarniawitaszczyk.pl\/#\/schema\/person\/a0988fad0cb41a07a314e04a0aaf2f01","name":"pjw","image":{"@type":"ImageObject","inLanguage":"pl-PL","@id":"https:\/\/secure.gravatar.com\/avatar\/1d883a1576746c5c2aab0bd316091a6b53f4162c6bf69c7aa1e833b78e24ec3a?s=96&d=mm&r=g","url":"https:\/\/secure.gravatar.com\/avatar\/1d883a1576746c5c2aab0bd316091a6b53f4162c6bf69c7aa1e833b78e24ec3a?s=96&d=mm&r=g","contentUrl":"https:\/\/secure.gravatar.com\/avatar\/1d883a1576746c5c2aab0bd316091a6b53f4162c6bf69c7aa1e833b78e24ec3a?s=96&d=mm&r=g","caption":"pjw"},"url":"https:\/\/piekarniawitaszczyk.pl\/?author=1"}]}},"_links":{"self":[{"href":"https:\/\/piekarniawitaszczyk.pl\/index.php?rest_route=\/wp\/v2\/posts\/607","targetHints":{"allow":["GET"]}}],"collection":[{"href":"https:\/\/piekarniawitaszczyk.pl\/index.php?rest_route=\/wp\/v2\/posts"}],"about":[{"href":"https:\/\/piekarniawitaszczyk.pl\/index.php?rest_route=\/wp\/v2\/types\/post"}],"author":[{"embeddable":true,"href":"https:\/\/piekarniawitaszczyk.pl\/index.php?rest_route=\/wp\/v2\/users\/1"}],"replies":[{"embeddable":true,"href":"https:\/\/piekarniawitaszczyk.pl\/index.php?rest_route=%2Fwp%2Fv2%2Fcomments&post=607"}],"version-history":[{"count":14,"href":"https:\/\/piekarniawitaszczyk.pl\/index.php?rest_route=\/wp\/v2\/posts\/607\/revisions"}],"predecessor-version":[{"id":625,"href":"https:\/\/piekarniawitaszczyk.pl\/index.php?rest_route=\/wp\/v2\/posts\/607\/revisions\/625"}],"wp:attachment":[{"href":"https:\/\/piekarniawitaszczyk.pl\/index.php?rest_route=%2Fwp%2Fv2%2Fmedia&parent=607"}],"wp:term":[{"taxonomy":"category","embeddable":true,"href":"https:\/\/piekarniawitaszczyk.pl\/index.php?rest_route=%2Fwp%2Fv2%2Fcategories&post=607"},{"taxonomy":"post_tag","embeddable":true,"href":"https:\/\/piekarniawitaszczyk.pl\/index.php?rest_route=%2Fwp%2Fv2%2Ftags&post=607"}],"curies":[{"name":"wp","href":"https:\/\/api.w.org\/{rel}","templated":true}]}}