{"id":627,"date":"2017-01-25T10:57:28","date_gmt":"2017-01-25T10:57:28","guid":{"rendered":"http:\/\/www.piekarniajw.pl\/?p=627"},"modified":"2020-04-01T16:30:13","modified_gmt":"2020-04-01T16:30:13","slug":"produkty-piekarni-na-spotkaniu-ministra-rolnictwa-i-rozwoju-wsi-krzysztofa-jurgiela-z-korpusem-dyplomatycznym","status":"publish","type":"post","link":"https:\/\/piekarniawitaszczyk.pl\/?p=627","title":{"rendered":"Produkty piekarni na spotkaniu Ministra Rolnictwa i Rozwoju Wsi Krzysztofa Jurgiela z Korpusem Dyplomatycznym"},"content":{"rendered":"<p>W dniu 24.01.2017 produkty Piekarni Janusz Witaszczyk zago\u015bci\u0142y na sto\u0142ach podczas spotkania Ministra Rolnictwa i Rozwoju Wsi Krzysztofa Jurgiela z Korpusem Dyplomatycznym. Spotkanie z Dyplomatami akredytowanymi w Polsce odby\u0142o<br \/>\nsi\u0119 w Centralnej Bibliotece Rolniczej. Podczas spotkania Minister zachwala\u0142 Polsk\u0105 \u017cywno\u015b\u0107 oraz produkty, kt\u00f3rymi raczyli si\u0119 zaproszeni go\u015bcie. Dyplomaci z wielu odleg\u0142ych Pa\u0144stw mieli okazj\u0119 przegryza\u0107 przystawki siemitkiem, chlebem razowym, chlebem wiejskim i pomidorowym. Poni\u017cej fotorelacja z wydarzenia.<\/p>\n<p>&nbsp;<\/p>\n\n\t\t<style type=\"text\/css\">\n\t\t\t#gallery-1 {\n\t\t\t\tmargin: auto;\n\t\t\t}\n\t\t\t#gallery-1 .gallery-item {\n\t\t\t\tfloat: left;\n\t\t\t\tmargin-top: 10px;\n\t\t\t\ttext-align: center;\n\t\t\t\twidth: 25%;\n\t\t\t}\n\t\t\t#gallery-1 img {\n\t\t\t\tborder: 2px solid #cfcfcf;\n\t\t\t}\n\t\t\t#gallery-1 .gallery-caption {\n\t\t\t\tmargin-left: 0;\n\t\t\t}\n\t\t\t\/* see gallery_shortcode() in wp-includes\/media.php *\/\n\t\t<\/style>\n\t\t<div id='gallery-1' class='gallery galleryid-627 gallery-columns-4 gallery-size-thumbnail'><dl class='gallery-item'>\n\t\t\t<dt class='gallery-icon landscape'>\n\t\t\t\t<a href='https:\/\/piekarniawitaszczyk.pl\/?attachment_id=628#main'><img loading=\"lazy\" decoding=\"async\" width=\"150\" height=\"150\" src=\"https:\/\/piekarniawitaszczyk.pl\/wp-content\/uploads\/2017\/01\/IMG_8670-150x150.jpg\" class=\"attachment-thumbnail size-thumbnail\" alt=\"Spotkanie w Centralnej Bibliotece Rolniczej - 5\" \/><\/a>\n\t\t\t<\/dt><\/dl><dl class='gallery-item'>\n\t\t\t<dt class='gallery-icon landscape'>\n\t\t\t\t<a href='https:\/\/piekarniawitaszczyk.pl\/?attachment_id=629#main'><img loading=\"lazy\" decoding=\"async\" width=\"150\" height=\"150\" src=\"https:\/\/piekarniawitaszczyk.pl\/wp-content\/uploads\/2017\/01\/IMG_8674-150x150.jpg\" class=\"attachment-thumbnail size-thumbnail\" alt=\"Spotkanie w Centralnej Bibliotece Rolniczej - 4\" \/><\/a>\n\t\t\t<\/dt><\/dl><dl class='gallery-item'>\n\t\t\t<dt class='gallery-icon landscape'>\n\t\t\t\t<a href='https:\/\/piekarniawitaszczyk.pl\/?attachment_id=630#main'><img loading=\"lazy\" decoding=\"async\" width=\"150\" height=\"150\" src=\"https:\/\/piekarniawitaszczyk.pl\/wp-content\/uploads\/2017\/01\/IMG_8677-150x150.jpg\" class=\"attachment-thumbnail size-thumbnail\" alt=\"Spotkanie w Centralnej Bibliotece Rolniczej - 2\" \/><\/a>\n\t\t\t<\/dt><\/dl><dl class='gallery-item'>\n\t\t\t<dt class='gallery-icon portrait'>\n\t\t\t\t<a href='https:\/\/piekarniawitaszczyk.pl\/?attachment_id=632#main'><img loading=\"lazy\" decoding=\"async\" width=\"150\" height=\"150\" src=\"https:\/\/piekarniawitaszczyk.pl\/wp-content\/uploads\/2017\/01\/IMG_8683-150x150.jpg\" class=\"attachment-thumbnail size-thumbnail\" alt=\"Spotkanie w Centralnej Bibliotece Rolniczej - 3\" \/><\/a>\n\t\t\t<\/dt><\/dl><br style=\"clear: both\" \/>\n\t\t<\/div>\n\n","protected":false},"excerpt":{"rendered":"<p>W dniu 24.01.2017 produkty Piekarni Janusz Witaszczyk zago\u015bci\u0142y na sto\u0142ach podczas spotkania Ministra Rolnictwa i Rozwoju Wsi Krzysztofa Jurgiela z Korpusem Dyplomatycznym. Spotkanie z Dyplomatami akredytowanymi w Polsce odby\u0142o si\u0119 w Centralnej Bibliotece Rolniczej. Podczas spotkania Minister zachwala\u0142 Polsk\u0105 \u017cywno\u015b\u0107 oraz produkty, kt\u00f3rymi raczyli si\u0119 zaproszeni go\u015bcie. Dyplomaci z wielu odleg\u0142ych Pa\u0144stw mieli okazj\u0119 przegryza\u0107 przystawki siemitkiem, chlebem razowym, chlebem wiejskim i pomidorowym. Poni\u017cej fotorelacja z wydarzenia. &nbsp;<\/p>\n","protected":false},"author":1,"featured_media":1066,"comment_status":"closed","ping_status":"open","sticky":false,"template":"","format":"gallery","meta":{"footnotes":""},"categories":[1],"tags":[],"class_list":["post-627","post","type-post","status-publish","format-gallery","has-post-thumbnail","hentry","category-internet","post_format-post-format-gallery"],"yoast_head":"<!-- This site is optimized with the Yoast SEO plugin v27.2 - https:\/\/yoast.com\/product\/yoast-seo-wordpress\/ -->\n<title>Produkty piekarni na spotkaniu Ministra Rolnictwa i Rozwoju Wsi Krzysztofa Jurgiela z Korpusem Dyplomatycznym - Piekarnia Witaszczyk \u2013 tradycyjna piekarnia w Milan\u00f3wku<\/title>\n<meta name=\"robots\" content=\"index, follow, max-snippet:-1, max-image-preview:large, max-video-preview:-1\" \/>\n<link rel=\"canonical\" href=\"https:\/\/piekarniawitaszczyk.pl\/?p=627\" \/>\n<meta property=\"og:locale\" content=\"pl_PL\" \/>\n<meta property=\"og:type\" content=\"article\" \/>\n<meta property=\"og:title\" content=\"Produkty piekarni na spotkaniu Ministra Rolnictwa i Rozwoju Wsi Krzysztofa Jurgiela z Korpusem Dyplomatycznym - Piekarnia Witaszczyk \u2013 tradycyjna piekarnia w Milan\u00f3wku\" \/>\n<meta property=\"og:description\" content=\"W dniu 24.01.2017 produkty Piekarni Janusz Witaszczyk zago\u015bci\u0142y na sto\u0142ach podczas spotkania Ministra Rolnictwa i Rozwoju Wsi Krzysztofa Jurgiela z Korpusem Dyplomatycznym. Spotkanie z Dyplomatami akredytowanymi w Polsce odby\u0142o si\u0119 w Centralnej Bibliotece Rolniczej. Podczas spotkania Minister zachwala\u0142 Polsk\u0105 \u017cywno\u015b\u0107 oraz produkty, kt\u00f3rymi raczyli si\u0119 zaproszeni go\u015bcie. Dyplomaci z wielu odleg\u0142ych Pa\u0144stw mieli okazj\u0119 przegryza\u0107 przystawki siemitkiem, chlebem razowym, chlebem wiejskim i pomidorowym. Poni\u017cej fotorelacja z wydarzenia. &nbsp;\" \/>\n<meta property=\"og:url\" content=\"https:\/\/piekarniawitaszczyk.pl\/?p=627\" \/>\n<meta property=\"og:site_name\" content=\"Piekarnia Witaszczyk \u2013 tradycyjna piekarnia w Milan\u00f3wku\" \/>\n<meta property=\"article:publisher\" content=\"https:\/\/www.facebook.com\/piekarniawitaszczyk\" \/>\n<meta property=\"article:published_time\" content=\"2017-01-25T10:57:28+00:00\" \/>\n<meta property=\"article:modified_time\" content=\"2020-04-01T16:30:13+00:00\" \/>\n<meta property=\"og:image\" content=\"https:\/\/piekarniawitaszczyk.pl\/wp-content\/uploads\/2017\/01\/spotkanie-366x284-1.jpg\" \/>\n\t<meta property=\"og:image:width\" content=\"366\" \/>\n\t<meta property=\"og:image:height\" content=\"284\" \/>\n\t<meta property=\"og:image:type\" content=\"image\/jpeg\" \/>\n<meta name=\"author\" content=\"pjw\" \/>\n<meta name=\"twitter:card\" content=\"summary_large_image\" \/>\n<meta name=\"twitter:label1\" content=\"Napisane przez\" \/>\n\t<meta name=\"twitter:data1\" content=\"pjw\" \/>\n<script type=\"application\/ld+json\" class=\"yoast-schema-graph\">{\"@context\":\"https:\/\/schema.org\",\"@graph\":[{\"@type\":\"Article\",\"@id\":\"https:\/\/piekarniawitaszczyk.pl\/?p=627#article\",\"isPartOf\":{\"@id\":\"https:\/\/piekarniawitaszczyk.pl\/?p=627\"},\"author\":{\"name\":\"pjw\",\"@id\":\"https:\/\/piekarniawitaszczyk.pl\/#\/schema\/person\/a0988fad0cb41a07a314e04a0aaf2f01\"},\"headline\":\"Produkty piekarni na spotkaniu Ministra Rolnictwa i Rozwoju Wsi Krzysztofa Jurgiela z Korpusem Dyplomatycznym\",\"datePublished\":\"2017-01-25T10:57:28+00:00\",\"dateModified\":\"2020-04-01T16:30:13+00:00\",\"mainEntityOfPage\":{\"@id\":\"https:\/\/piekarniawitaszczyk.pl\/?p=627\"},\"wordCount\":93,\"publisher\":{\"@id\":\"https:\/\/piekarniawitaszczyk.pl\/#organization\"},\"image\":{\"@id\":\"https:\/\/piekarniawitaszczyk.pl\/?p=627#primaryimage\"},\"thumbnailUrl\":\"https:\/\/piekarniawitaszczyk.pl\/wp-content\/uploads\/2017\/01\/spotkanie-366x284-1.jpg\",\"articleSection\":[\"Internet\"],\"inLanguage\":\"pl-PL\"},{\"@type\":\"WebPage\",\"@id\":\"https:\/\/piekarniawitaszczyk.pl\/?p=627\",\"url\":\"https:\/\/piekarniawitaszczyk.pl\/?p=627\",\"name\":\"Produkty piekarni na spotkaniu Ministra Rolnictwa i Rozwoju Wsi Krzysztofa Jurgiela z Korpusem Dyplomatycznym - Piekarnia Witaszczyk \u2013 tradycyjna piekarnia w Milan\u00f3wku\",\"isPartOf\":{\"@id\":\"https:\/\/piekarniawitaszczyk.pl\/#website\"},\"primaryImageOfPage\":{\"@id\":\"https:\/\/piekarniawitaszczyk.pl\/?p=627#primaryimage\"},\"image\":{\"@id\":\"https:\/\/piekarniawitaszczyk.pl\/?p=627#primaryimage\"},\"thumbnailUrl\":\"https:\/\/piekarniawitaszczyk.pl\/wp-content\/uploads\/2017\/01\/spotkanie-366x284-1.jpg\",\"datePublished\":\"2017-01-25T10:57:28+00:00\",\"dateModified\":\"2020-04-01T16:30:13+00:00\",\"breadcrumb\":{\"@id\":\"https:\/\/piekarniawitaszczyk.pl\/?p=627#breadcrumb\"},\"inLanguage\":\"pl-PL\",\"potentialAction\":[{\"@type\":\"ReadAction\",\"target\":[\"https:\/\/piekarniawitaszczyk.pl\/?p=627\"]}]},{\"@type\":\"ImageObject\",\"inLanguage\":\"pl-PL\",\"@id\":\"https:\/\/piekarniawitaszczyk.pl\/?p=627#primaryimage\",\"url\":\"https:\/\/piekarniawitaszczyk.pl\/wp-content\/uploads\/2017\/01\/spotkanie-366x284-1.jpg\",\"contentUrl\":\"https:\/\/piekarniawitaszczyk.pl\/wp-content\/uploads\/2017\/01\/spotkanie-366x284-1.jpg\",\"width\":366,\"height\":284},{\"@type\":\"BreadcrumbList\",\"@id\":\"https:\/\/piekarniawitaszczyk.pl\/?p=627#breadcrumb\",\"itemListElement\":[{\"@type\":\"ListItem\",\"position\":1,\"name\":\"Strona g\u0142\u00f3wna\",\"item\":\"https:\/\/piekarniawitaszczyk.pl\/\"},{\"@type\":\"ListItem\",\"position\":2,\"name\":\"Produkty piekarni na spotkaniu Ministra Rolnictwa i Rozwoju Wsi Krzysztofa Jurgiela z Korpusem Dyplomatycznym\"}]},{\"@type\":\"WebSite\",\"@id\":\"https:\/\/piekarniawitaszczyk.pl\/#website\",\"url\":\"https:\/\/piekarniawitaszczyk.pl\/\",\"name\":\"Piekarnia Witaszczyk \u2013 tradycyjna piekarnia w Milan\u00f3wku\",\"description\":\"Chleb na zakwasie, ciasta, sklepo-kawiarnie \u2013 Milan\u00f3wek, Grodzisk Mazowiecki, Brwin\u00f3w, Otr\u0119busy, Jaktor\u00f3w, Mi\u0119dzybor\u00f3w, \u017byrard\u00f3w\",\"publisher\":{\"@id\":\"https:\/\/piekarniawitaszczyk.pl\/#organization\"},\"potentialAction\":[{\"@type\":\"SearchAction\",\"target\":{\"@type\":\"EntryPoint\",\"urlTemplate\":\"https:\/\/piekarniawitaszczyk.pl\/?s={search_term_string}\"},\"query-input\":{\"@type\":\"PropertyValueSpecification\",\"valueRequired\":true,\"valueName\":\"search_term_string\"}}],\"inLanguage\":\"pl-PL\"},{\"@type\":\"Organization\",\"@id\":\"https:\/\/piekarniawitaszczyk.pl\/#organization\",\"name\":\"Piekarnia Witaszczyk zp. z o.o.\",\"url\":\"https:\/\/piekarniawitaszczyk.pl\/\",\"logo\":{\"@type\":\"ImageObject\",\"inLanguage\":\"pl-PL\",\"@id\":\"https:\/\/piekarniawitaszczyk.pl\/#\/schema\/logo\/image\/\",\"url\":\"https:\/\/piekarniawitaszczyk.pl\/wp-content\/uploads\/2020\/03\/logo.jpg\",\"contentUrl\":\"https:\/\/piekarniawitaszczyk.pl\/wp-content\/uploads\/2020\/03\/logo.jpg\",\"width\":298,\"height\":287,\"caption\":\"Piekarnia Witaszczyk zp. z o.o.\"},\"image\":{\"@id\":\"https:\/\/piekarniawitaszczyk.pl\/#\/schema\/logo\/image\/\"},\"sameAs\":[\"https:\/\/www.facebook.com\/piekarniawitaszczyk\"]},{\"@type\":\"Person\",\"@id\":\"https:\/\/piekarniawitaszczyk.pl\/#\/schema\/person\/a0988fad0cb41a07a314e04a0aaf2f01\",\"name\":\"pjw\",\"image\":{\"@type\":\"ImageObject\",\"inLanguage\":\"pl-PL\",\"@id\":\"https:\/\/secure.gravatar.com\/avatar\/1d883a1576746c5c2aab0bd316091a6b53f4162c6bf69c7aa1e833b78e24ec3a?s=96&d=mm&r=g\",\"url\":\"https:\/\/secure.gravatar.com\/avatar\/1d883a1576746c5c2aab0bd316091a6b53f4162c6bf69c7aa1e833b78e24ec3a?s=96&d=mm&r=g\",\"contentUrl\":\"https:\/\/secure.gravatar.com\/avatar\/1d883a1576746c5c2aab0bd316091a6b53f4162c6bf69c7aa1e833b78e24ec3a?s=96&d=mm&r=g\",\"caption\":\"pjw\"},\"url\":\"https:\/\/piekarniawitaszczyk.pl\/?author=1\"}]}<\/script>\n<!-- \/ Yoast SEO plugin. -->","yoast_head_json":{"title":"Produkty piekarni na spotkaniu Ministra Rolnictwa i Rozwoju Wsi Krzysztofa Jurgiela z Korpusem Dyplomatycznym - Piekarnia Witaszczyk \u2013 tradycyjna piekarnia w Milan\u00f3wku","robots":{"index":"index","follow":"follow","max-snippet":"max-snippet:-1","max-image-preview":"max-image-preview:large","max-video-preview":"max-video-preview:-1"},"canonical":"https:\/\/piekarniawitaszczyk.pl\/?p=627","og_locale":"pl_PL","og_type":"article","og_title":"Produkty piekarni na spotkaniu Ministra Rolnictwa i Rozwoju Wsi Krzysztofa Jurgiela z Korpusem Dyplomatycznym - Piekarnia Witaszczyk \u2013 tradycyjna piekarnia w Milan\u00f3wku","og_description":"W dniu 24.01.2017 produkty Piekarni Janusz Witaszczyk zago\u015bci\u0142y na sto\u0142ach podczas spotkania Ministra Rolnictwa i Rozwoju Wsi Krzysztofa Jurgiela z Korpusem Dyplomatycznym. Spotkanie z Dyplomatami akredytowanymi w Polsce odby\u0142o si\u0119 w Centralnej Bibliotece Rolniczej. Podczas spotkania Minister zachwala\u0142 Polsk\u0105 \u017cywno\u015b\u0107 oraz produkty, kt\u00f3rymi raczyli si\u0119 zaproszeni go\u015bcie. Dyplomaci z wielu odleg\u0142ych Pa\u0144stw mieli okazj\u0119 przegryza\u0107 przystawki siemitkiem, chlebem razowym, chlebem wiejskim i pomidorowym. Poni\u017cej fotorelacja z wydarzenia. &nbsp;","og_url":"https:\/\/piekarniawitaszczyk.pl\/?p=627","og_site_name":"Piekarnia Witaszczyk \u2013 tradycyjna piekarnia w Milan\u00f3wku","article_publisher":"https:\/\/www.facebook.com\/piekarniawitaszczyk","article_published_time":"2017-01-25T10:57:28+00:00","article_modified_time":"2020-04-01T16:30:13+00:00","og_image":[{"width":366,"height":284,"url":"https:\/\/piekarniawitaszczyk.pl\/wp-content\/uploads\/2017\/01\/spotkanie-366x284-1.jpg","type":"image\/jpeg"}],"author":"pjw","twitter_card":"summary_large_image","twitter_misc":{"Napisane przez":"pjw"},"schema":{"@context":"https:\/\/schema.org","@graph":[{"@type":"Article","@id":"https:\/\/piekarniawitaszczyk.pl\/?p=627#article","isPartOf":{"@id":"https:\/\/piekarniawitaszczyk.pl\/?p=627"},"author":{"name":"pjw","@id":"https:\/\/piekarniawitaszczyk.pl\/#\/schema\/person\/a0988fad0cb41a07a314e04a0aaf2f01"},"headline":"Produkty piekarni na spotkaniu Ministra Rolnictwa i Rozwoju Wsi Krzysztofa Jurgiela z Korpusem Dyplomatycznym","datePublished":"2017-01-25T10:57:28+00:00","dateModified":"2020-04-01T16:30:13+00:00","mainEntityOfPage":{"@id":"https:\/\/piekarniawitaszczyk.pl\/?p=627"},"wordCount":93,"publisher":{"@id":"https:\/\/piekarniawitaszczyk.pl\/#organization"},"image":{"@id":"https:\/\/piekarniawitaszczyk.pl\/?p=627#primaryimage"},"thumbnailUrl":"https:\/\/piekarniawitaszczyk.pl\/wp-content\/uploads\/2017\/01\/spotkanie-366x284-1.jpg","articleSection":["Internet"],"inLanguage":"pl-PL"},{"@type":"WebPage","@id":"https:\/\/piekarniawitaszczyk.pl\/?p=627","url":"https:\/\/piekarniawitaszczyk.pl\/?p=627","name":"Produkty piekarni na spotkaniu Ministra Rolnictwa i Rozwoju Wsi Krzysztofa Jurgiela z Korpusem Dyplomatycznym - Piekarnia Witaszczyk \u2013 tradycyjna piekarnia w Milan\u00f3wku","isPartOf":{"@id":"https:\/\/piekarniawitaszczyk.pl\/#website"},"primaryImageOfPage":{"@id":"https:\/\/piekarniawitaszczyk.pl\/?p=627#primaryimage"},"image":{"@id":"https:\/\/piekarniawitaszczyk.pl\/?p=627#primaryimage"},"thumbnailUrl":"https:\/\/piekarniawitaszczyk.pl\/wp-content\/uploads\/2017\/01\/spotkanie-366x284-1.jpg","datePublished":"2017-01-25T10:57:28+00:00","dateModified":"2020-04-01T16:30:13+00:00","breadcrumb":{"@id":"https:\/\/piekarniawitaszczyk.pl\/?p=627#breadcrumb"},"inLanguage":"pl-PL","potentialAction":[{"@type":"ReadAction","target":["https:\/\/piekarniawitaszczyk.pl\/?p=627"]}]},{"@type":"ImageObject","inLanguage":"pl-PL","@id":"https:\/\/piekarniawitaszczyk.pl\/?p=627#primaryimage","url":"https:\/\/piekarniawitaszczyk.pl\/wp-content\/uploads\/2017\/01\/spotkanie-366x284-1.jpg","contentUrl":"https:\/\/piekarniawitaszczyk.pl\/wp-content\/uploads\/2017\/01\/spotkanie-366x284-1.jpg","width":366,"height":284},{"@type":"BreadcrumbList","@id":"https:\/\/piekarniawitaszczyk.pl\/?p=627#breadcrumb","itemListElement":[{"@type":"ListItem","position":1,"name":"Strona g\u0142\u00f3wna","item":"https:\/\/piekarniawitaszczyk.pl\/"},{"@type":"ListItem","position":2,"name":"Produkty piekarni na spotkaniu Ministra Rolnictwa i Rozwoju Wsi Krzysztofa Jurgiela z Korpusem Dyplomatycznym"}]},{"@type":"WebSite","@id":"https:\/\/piekarniawitaszczyk.pl\/#website","url":"https:\/\/piekarniawitaszczyk.pl\/","name":"Piekarnia Witaszczyk \u2013 tradycyjna piekarnia w Milan\u00f3wku","description":"Chleb na zakwasie, ciasta, sklepo-kawiarnie \u2013 Milan\u00f3wek, Grodzisk Mazowiecki, Brwin\u00f3w, Otr\u0119busy, Jaktor\u00f3w, Mi\u0119dzybor\u00f3w, \u017byrard\u00f3w","publisher":{"@id":"https:\/\/piekarniawitaszczyk.pl\/#organization"},"potentialAction":[{"@type":"SearchAction","target":{"@type":"EntryPoint","urlTemplate":"https:\/\/piekarniawitaszczyk.pl\/?s={search_term_string}"},"query-input":{"@type":"PropertyValueSpecification","valueRequired":true,"valueName":"search_term_string"}}],"inLanguage":"pl-PL"},{"@type":"Organization","@id":"https:\/\/piekarniawitaszczyk.pl\/#organization","name":"Piekarnia Witaszczyk zp. z o.o.","url":"https:\/\/piekarniawitaszczyk.pl\/","logo":{"@type":"ImageObject","inLanguage":"pl-PL","@id":"https:\/\/piekarniawitaszczyk.pl\/#\/schema\/logo\/image\/","url":"https:\/\/piekarniawitaszczyk.pl\/wp-content\/uploads\/2020\/03\/logo.jpg","contentUrl":"https:\/\/piekarniawitaszczyk.pl\/wp-content\/uploads\/2020\/03\/logo.jpg","width":298,"height":287,"caption":"Piekarnia Witaszczyk zp. z o.o."},"image":{"@id":"https:\/\/piekarniawitaszczyk.pl\/#\/schema\/logo\/image\/"},"sameAs":["https:\/\/www.facebook.com\/piekarniawitaszczyk"]},{"@type":"Person","@id":"https:\/\/piekarniawitaszczyk.pl\/#\/schema\/person\/a0988fad0cb41a07a314e04a0aaf2f01","name":"pjw","image":{"@type":"ImageObject","inLanguage":"pl-PL","@id":"https:\/\/secure.gravatar.com\/avatar\/1d883a1576746c5c2aab0bd316091a6b53f4162c6bf69c7aa1e833b78e24ec3a?s=96&d=mm&r=g","url":"https:\/\/secure.gravatar.com\/avatar\/1d883a1576746c5c2aab0bd316091a6b53f4162c6bf69c7aa1e833b78e24ec3a?s=96&d=mm&r=g","contentUrl":"https:\/\/secure.gravatar.com\/avatar\/1d883a1576746c5c2aab0bd316091a6b53f4162c6bf69c7aa1e833b78e24ec3a?s=96&d=mm&r=g","caption":"pjw"},"url":"https:\/\/piekarniawitaszczyk.pl\/?author=1"}]}},"_links":{"self":[{"href":"https:\/\/piekarniawitaszczyk.pl\/index.php?rest_route=\/wp\/v2\/posts\/627","targetHints":{"allow":["GET"]}}],"collection":[{"href":"https:\/\/piekarniawitaszczyk.pl\/index.php?rest_route=\/wp\/v2\/posts"}],"about":[{"href":"https:\/\/piekarniawitaszczyk.pl\/index.php?rest_route=\/wp\/v2\/types\/post"}],"author":[{"embeddable":true,"href":"https:\/\/piekarniawitaszczyk.pl\/index.php?rest_route=\/wp\/v2\/users\/1"}],"replies":[{"embeddable":true,"href":"https:\/\/piekarniawitaszczyk.pl\/index.php?rest_route=%2Fwp%2Fv2%2Fcomments&post=627"}],"version-history":[{"count":4,"href":"https:\/\/piekarniawitaszczyk.pl\/index.php?rest_route=\/wp\/v2\/posts\/627\/revisions"}],"predecessor-version":[{"id":1069,"href":"https:\/\/piekarniawitaszczyk.pl\/index.php?rest_route=\/wp\/v2\/posts\/627\/revisions\/1069"}],"wp:featuredmedia":[{"embeddable":true,"href":"https:\/\/piekarniawitaszczyk.pl\/index.php?rest_route=\/wp\/v2\/media\/1066"}],"wp:attachment":[{"href":"https:\/\/piekarniawitaszczyk.pl\/index.php?rest_route=%2Fwp%2Fv2%2Fmedia&parent=627"}],"wp:term":[{"taxonomy":"category","embeddable":true,"href":"https:\/\/piekarniawitaszczyk.pl\/index.php?rest_route=%2Fwp%2Fv2%2Fcategories&post=627"},{"taxonomy":"post_tag","embeddable":true,"href":"https:\/\/piekarniawitaszczyk.pl\/index.php?rest_route=%2Fwp%2Fv2%2Ftags&post=627"}],"curies":[{"name":"wp","href":"https:\/\/api.w.org\/{rel}","templated":true}]}}